{"id":464981,"date":"2026-04-28T15:37:15","date_gmt":"2026-04-28T15:37:15","guid":{"rendered":"https:\/\/www.europesays.com\/it\/464981\/"},"modified":"2026-04-28T15:37:15","modified_gmt":"2026-04-28T15:37:15","slug":"solution-tech-nippo-rali-domenico-pozzovivo-protagonista-anche-al-giro-dellappennino-la-mia-eta-anagrafica-non-coincide-con-quella-biologica","status":"publish","type":"post","link":"https:\/\/www.europesays.com\/it\/464981\/","title":{"rendered":"Solution Tech-Nippo-Rali, Domenico Pozzovivo protagonista anche al Giro dell&#8217;Appennino: &#8220;La mia et\u00e0 anagrafica non coincide con quella biologica&#8221;"},"content":{"rendered":"<p>\t\t\t\t\t<a href=\"https:\/\/cyclingpro.net\/spaziociclismo\/altro\/scopri-lapp-ufficiale-di-spaziociclismo\/\" title=\"\" rel=\"nofollow noopener\" target=\"_blank\"><br \/>\n\t\t\t\t\t\t<img loading=\"lazy\" decoding=\"async\" src=\"https:\/\/www.europesays.com\/it\/wp-content\/uploads\/2025\/09\/1758060682_662_Banner-App-SpazioCiclismo.png\" alt=\"\" width=\"728\" height=\"91\"\/><br \/>\n\t\t\t\t\t<\/a><\/p>\n<p>Dopo il suo ritorno in sella, a 43 anni compiuti, <strong>Domenico Pozzovivo<\/strong> ha saputo essere subito protagonista. <a href=\"https:\/\/cyclingpro.net\/spaziociclismo\/continental\/tour-of-the-alps-2026-domenico-pozzovivo-a-ridosso-dei-migliori-ora-punto-alla-top-10\/\" target=\"_blank\" rel=\"noopener nofollow\">Prima sono arrivate alcune prestazioni di rilievo in una corsa selettiva come il <strong>Tour of the Alps 2026<\/strong><\/a> e poi \u00e8 maturato il podio conquistato al <strong>Giro dell\u2019Appennino 2026<\/strong>, gara andata in scena domenica 26 aprile in cui il corridore della <strong>Solution Tech-Nippo-Rali<\/strong> \u00e8 arrivato al traguardo con coloro che si sono giocati il successo, accontentandosi poi del terzo posto. Sulla base dei risultati ottenuti in gara, il rendimento del lucano \u00e8 finora decisamente interessante.<\/p>\n<p>\u201cIl terzo posto all\u2019Appennino? Si parte sempre per provare a vincere \u2013 le parole di Pozzovivo<a href=\"https:\/\/www.youtube.com\/watch?v=Ojz005NVCwU\" target=\"_blank\" rel=\"noopener nofollow\"> in sede di commento della gara<\/a> \u2013 La squadra aveva fatto un bel lavoro, per\u00f2 la selezione che ho provato a fare non \u00e8 stata sufficiente a staccare anche i due Polti (Ludovico Crescioli e Thomas Pesenti, <a href=\"https:\/\/cyclingpro.net\/spaziociclismo\/sintesi-gare\/giro-dellappennino-2026-doppietta-polti-visitmalta-ludovico-crescioli-vince-su-thomas-pesenti-terzo-domenico-pozzovivo\/\" target=\"_blank\" rel=\"noopener nofollow\">poi rispettivamente primo e secondo all\u2019arrivo<\/a> \u2013 ndr). Nel finale, in tre e con gli altri due che erano pi\u00f9 veloci di me, c\u2019era poco da fare\u201d.<\/p>\n<p>La volata non \u00e8 mai stato il pezzo forte del repertorio di Pozzovivo, ma la salita s\u00ec\u2026 \u201cLa Madonna della Guardia l\u2019abbiamo presa di petto, insieme a Matteo Fabbro e ho cercato di finalizzare l\u00ec il lavoro.<strong> Qualcosina in pi\u00f9 degli altri la avevo, ma l\u2019Appennino \u00e8 una gara che si decide anche in discesa e nel tratto di pianura finale.<\/strong> Quindi, bisognava essere un po\u2019 pi\u00f9 completi di come sono io\u201d.<\/p>\n<p>In carriera, Pozzovivo ha messo insieme un secondo e un quarto posto al Giro dell\u2019Appenino, oltre al terzo appena maturato: \u201cS\u00ec, sto completando tutti i gradini del podio. <strong>Se penso che il secondo posto \u00e8 lontano 16 anni, non \u00e8 poco\u2026<\/strong> Com\u2019\u00e8 il ritorno in bici alla mia et\u00e0? \u00c8 una cosa cui non penso\u201d.<\/p>\n<p>Il lucano aggiunge: \u201cPenso di avere ancora una mentalit\u00e0 giovane, anche dal punto di vista degli allenamenti e dell\u2019approccio a questo sport, che negli anni \u00e8 cambiato tanto. <strong>La mia et\u00e0 anagrafica, secondo me, non coincide tanto con quella biologica e anche con il modo di pensare.<\/strong> La mia attivit\u00e0 da telecronista? Ora ho un po\u2019 di impegni davanti, ma per adesso la mia attivit\u00e0 principale rimane quella del ciclista professionista. Poi, certo, a fare il telecronista si fa meno fatica, anche se a volte la faccio guardando i miei colleghi in azione\u201d.<\/p>\n","protected":false},"excerpt":{"rendered":"Dopo il suo ritorno in sella, a 43 anni compiuti, Domenico Pozzovivo ha saputo essere subito protagonista. Prima&hellip;\n","protected":false},"author":3,"featured_media":464982,"comment_status":"","ping_status":"","sticky":false,"template":"","format":"standard","meta":{"footnotes":"","_share_on_mastodon":"0"},"categories":[1456],"tags":[1824,1825,67370,232856,1537,90,89,159111,245,244],"class_list":["post-464981","post","type-post","status-publish","format-standard","has-post-thumbnail","category-ciclismo","tag-ciclismo","tag-cycling","tag-domenico-pozzovivo","tag-giro-dellappennino-2026","tag-it","tag-italia","tag-italy","tag-solution-tech-nippo-rali-2026","tag-sport","tag-sports"],"share_on_mastodon":{"url":"https:\/\/pubeurope.com\/@it\/116483080092981036","error":""},"_links":{"self":[{"href":"https:\/\/www.europesays.com\/it\/wp-json\/wp\/v2\/posts\/464981","targetHints":{"allow":["GET"]}}],"collection":[{"href":"https:\/\/www.europesays.com\/it\/wp-json\/wp\/v2\/posts"}],"about":[{"href":"https:\/\/www.europesays.com\/it\/wp-json\/wp\/v2\/types\/post"}],"author":[{"embeddable":true,"href":"https:\/\/www.europesays.com\/it\/wp-json\/wp\/v2\/users\/3"}],"replies":[{"embeddable":true,"href":"https:\/\/www.europesays.com\/it\/wp-json\/wp\/v2\/comments?post=464981"}],"version-history":[{"count":0,"href":"https:\/\/www.europesays.com\/it\/wp-json\/wp\/v2\/posts\/464981\/revisions"}],"wp:featuredmedia":[{"embeddable":true,"href":"https:\/\/www.europesays.com\/it\/wp-json\/wp\/v2\/media\/464982"}],"wp:attachment":[{"href":"https:\/\/www.europesays.com\/it\/wp-json\/wp\/v2\/media?parent=464981"}],"wp:term":[{"taxonomy":"category","embeddable":true,"href":"https:\/\/www.europesays.com\/it\/wp-json\/wp\/v2\/categories?post=464981"},{"taxonomy":"post_tag","embeddable":true,"href":"https:\/\/www.europesays.com\/it\/wp-json\/wp\/v2\/tags?post=464981"}],"curies":[{"name":"wp","href":"https:\/\/api.w.org\/{rel}","templated":true}]}}