{"id":465143,"date":"2026-04-28T18:05:12","date_gmt":"2026-04-28T18:05:12","guid":{"rendered":"https:\/\/www.europesays.com\/it\/465143\/"},"modified":"2026-04-28T18:05:12","modified_gmt":"2026-04-28T18:05:12","slug":"eva-grimaldi-racconta-il-calvario-della-chirurgia-8-carlo-ricorda-il-nonno-bud-spencer-9","status":"publish","type":"post","link":"https:\/\/www.europesays.com\/it\/465143\/","title":{"rendered":"Eva Grimaldi racconta il calvario della chirurgia (8), Carlo ricorda il nonno Bud Spencer (9)"},"content":{"rendered":"<p>Torna marted\u00ec 28 aprile il consueto appuntamento con uno dei programmi pi\u00f9 amati del pomeriggio di Rai1 ovvero <strong>La Volta Buona<\/strong>, condotto come sempre da <strong>Caterina Balivo.<\/strong> Nella puntata di oggi ampio spazio a due macro-temi: la chirurgia estetica, con le relative esperienze vissute anche da donne normali, e i \u201cfigli d\u2019arte\u201d con il ricordo emozionante di <strong>Bud Spencer<\/strong> e <strong>Renato Rascel.<\/strong><\/p>\n<p>A tenere compagnia a Caterina Balivo numerosi ospiti e protagonisti del piccolo schermo tra cui <strong>Beppe Convertini, Catena Fiorello, Eva Grimaldi, Gabriella Farinon, Drusilla Gucci<\/strong>. In studio arrivano successivamente anche <strong>Cristiana Ranieri<\/strong>, <strong>Clizia Incorvaia e Francesco<\/strong>, figlio di <strong>Kik\u00f2 Nalli, <\/strong>insieme al pap\u00e0.\n<\/p>\n<p>Drusilla Gucci, la verit\u00e0 sugli occhi ghiaccio di Francesco Chiofalo (7)<\/p>\n<p>La puntata si apre con una finestra sulla <strong>chirurgia estetica<\/strong> e sulle differenze tra <strong>botox e filler<\/strong>, ma anche sui <strong>rischi<\/strong> della chirurgia plastica se non fatta secondo criteri di <strong>sicurezza medica<\/strong>. A portare la sua testimonianza nel salotto di <a href=\"https:\/\/dilei.it\/star-e-vip\/caterina-balivo\/\" rel=\"nofollow noopener\" target=\"_blank\">Caterina Balivo<\/a> c\u2019\u00e8 <strong>Melania<\/strong>, una giovane donna che da 6 anni combatte una battaglia legale dopo aver vinto un concorso sui social che metteva in palio il rifacimento del seno. La ragazza \u00e8 rimasta danneggiata, salvandosi per miracolo da una setticemia.<\/p>\n<p>In studio c\u2019\u00e8 anche <a href=\"https:\/\/dilei.it\/star-e-vip\/drusilla-gucci\/\" rel=\"nofollow noopener\" target=\"_blank\">Drusilla Gucci<\/a>, ex fidanzata di <a href=\"https:\/\/dilei.it\/star-e-vip\/francesco-chiofalo\/\" rel=\"nofollow noopener\" target=\"_blank\">Francesco Chiofalo<\/a>, modello romano che ha cambiato addirittura <strong>il colore dell\u2019iride<\/strong> facendosi tatuare gli occhi di un colore <strong>azzurro ghiaccio.<\/strong><\/p>\n<p>La Balivo chiede a Drusilla se lei ai tempi <strong>era favorevole all\u2019intervento<\/strong> agli occhi e l\u2019influencer risponde \u201cEro contraria, ognuno sul suo corpo pu\u00f2 fare ci\u00f2 che vuole, ma quello era un intervento troppo delicato. Lui voleva perfezionarsi, ma forse era una sua insicurezza, perch\u00e9 un conto \u00e8 migliorarsi, un conto \u00e8 stravolgersi completamente\u201d e prosegue \u201cQuando l\u2019ho incontrato di nuovo dopo esserci lasciati \u00e8 stato come vedere una persona che non conoscevo\u201d.<\/p>\n<p>Eva Grimaldi, il calvario dell\u2019attrice per le protesi al seno (8)<\/p>\n<p>In studio anche la storia di <strong>Angie<\/strong> che, dopo diverse gravidanze, ha avuto bisogno di <strong>rifarsi il seno<\/strong>: la giovane racconta di aver scelto una clinica rinomata nella sua citt\u00e0, a Cagliari, ma 4 mesi dopo essersi sottoposta al primo intervento \u2013 e 8mila euro spesi \u2013 si \u00e8 ritrovata uno <strong>scollamento delle protesi<\/strong>.<\/p>\n<p>Anche Eva Grimaldi ha vissuto un\u2019esperienza simile con un\u2019infezione grave contratta dopo il suo intervento al seno che le ha fatto <strong>rischiare la vita<\/strong>: l\u2019attrice racconta di aver avuto <strong>gravi problemi di salute<\/strong> e di essere stata un anno intero con un seno solo, nascondendolo a tutti sul set.<\/p>\n<p>\u201cDopo tutto quello che hai vissuto, quell\u2019intervento lo rifaresti?\u201d le chiede la Balivo e la Grimaldi risponde: \u201cIn realt\u00e0 il problema \u00e8 che quando e se succede qualcosa durante l\u2019operazione, e pu\u00f2 accadere, questi medici ti abbandonano\u201d. Eva dunque non rifarebbe l\u2019intervento <strong>senza prima accertarsi del \u201cdopo\u201d.<\/strong><\/p>\n<p>Can Yaman, nuovi progetti in vista (7), Kik\u00f2 Nalli con il figlio Francesco (7)<\/p>\n<p><a href=\"https:\/\/dilei.it\/star-e-vip\/can-yaman\/\" rel=\"nofollow noopener\" target=\"_blank\">Can Yaman<\/a> si racconta ai microfoni de LVB, spiegando che vorrebbe cimentarsi in ruoli diversi, e l\u2019intervistatrice gli chiede \u201cSe ti chiedessero di dimagrire o ingrassare tanto per un progetto, lo faresti?\u201d e lui risponde che il gioco deve valere la candela \u201cSe \u00e8 qualcosa che ne vale la pena s\u00ec, ma se non deve vederlo nessuno, perch\u00e9 farlo?\u201d.<\/p>\n<p>In studio arriva anche <strong>Kik\u00f2 Nalli<\/strong> che rivela il trucco usato da <a href=\"https:\/\/dilei.it\/star-e-vip\/anne-hathaway\/\" rel=\"nofollow noopener\" target=\"_blank\">Anne Hathaway<\/a> per apparire pi\u00f9 giovane <strong>senza ricorrere al lifting<\/strong> e lo mostra su una modella alla quale ha realizzato delle <strong>trecce laterali<\/strong>, con un immediato effetto \u201cbotox\u201d. Catena Fiorello per\u00f2 spiega che l\u2019attrice de Il Diavolo Veste Prada non ha inventato nulla, perch\u00e9 era un trucco che gi\u00e0 usavano le nostre attrici italiane negli anni \u201950 e \u201960.<\/p>\n<p>L\u2019hairstylist si racconta a cuore aperto, dopo <strong>essersi lasciato <\/strong>con l\u2019ex moglie<a href=\"https:\/\/dilei.it\/star-e-vip\/tina-cipollari\/\" rel=\"nofollow noopener\" target=\"_blank\"> Tina Cipollari<\/a>, insieme al <a href=\"https:\/\/dilei.it\/vip\/francesco-nalli-chi\/2293191\/\" rel=\"nofollow noopener\" target=\"_blank\">figlio Francesco<\/a> che parla di come ha vissuto la <strong>separazione dei genitori,<\/strong> senza traumi n\u00e8 cambiamenti di vita.<\/p>\n<p>Carlo Pedersoli, il nipote di Bud Spencer racconta suo nonno (9)<\/p>\n<p>In studio una serie di \u201c<strong>figli d\u2019arte<\/strong>\u201d tra cui il nipote di <a href=\"https:\/\/dilei.it\/star-e-vip\/bud-spencer\/\" rel=\"nofollow noopener\" target=\"_blank\">Bud Spencer<\/a>, <strong>Carlo Pedersoli <\/strong>che parla orgoglioso di suo nonno: \u201cMi brillano gli occhi quando qualcuno mi dice che sono uguale a lui\u201d racconta, super orgoglioso di quanto realizzato dal celebre nonno, ex campione di nuoto e icona del grande schermo.<\/p>\n<p>Caterina chiede a Carlo com\u2019era abbracciare Bud e il ragazzo racconta che la cosa pi\u00f9 bella era <strong>stare con lui, mangiare insieme<\/strong>, condividere le piccole cose e che il nonno gli dava sempre tanti consigli nello sport visto che Carlo \u00e8 un <strong>campione di MMA.<\/strong><\/p>\n<p>\u201cPer noi era uno di famiglia\u201d gli dice <a href=\"https:\/\/dilei.it\/spettacolo\/domenica-in-beppe-convertini-dedica-mamma-ballando-con-le-stelle\/1859317\/\" rel=\"nofollow noopener\" target=\"_blank\">Beppe Convertini<\/a>, mentre Carlo prosegue raccontando altri piccoli aneddoti tra cui un consiglio datogli dal nonno sul <strong>sapersi rialzare dopo le sconfitte.<\/strong> \u201cEra incredibile andare in giro con lui, quando uscivamo e vedevo la folla che lo aspettava era una sensazione strana\u201d confessa il giovane.<\/p>\n<p>Cesare, figlio di Renato Rascel parla del ricordo del padre (8)<\/p>\n<p>\u201cQuando \u00e8 nato Cesare, Renato aveva 61 anni e la clinica era assediata dai paparazzi\u201d racconta Caterina Balivo chiedendo a<a href=\"https:\/\/dilei.it\/vip\/cesare-rascel-papa-renato-star-come-michael-jackson\/2286334\/\" rel=\"nofollow noopener\" target=\"_blank\"> Cesare<\/a> come avessero fatto a scappare. Il giovane racconta: \u201cIo e mamma siamo sfuggiti alla folla passando attraverso la camera mortuaria e scappando con il carro funebre\u201d dice svelando di aver avuto una<strong> vita avventurosa<\/strong> dopo questa prima esperienza.<\/p>\n<p>\u201cQuando avevi 17 anni tuo padre \u00e8 stato ricoverato in una struttura specializzata in quanto malato di Alzheimer, come hai vissuto quel momento?\u201d chiede ancora la conduttrice e Cesare racconta di aver avuto <strong>l\u2019aiuto della mamma<\/strong> che \u00e8 stata eccezionale nel gestire tutto.<\/p>\n<p>\u201cIo non ho un ricordo particolare di quel periodo perch\u00e9 ho un po\u2019 rimosso, ma il trauma \u00e8 arrivato dopo, quando avrei avuto bisogno della guida di un padre e lui non c\u2019era pi\u00f9\u201d. \u201cLui non riconosceva pi\u00f9 nessuno, ma quello che abbiamo fatto io e mamma \u00e8 stato mantenere la memoria di pap\u00e0 pulita e pura, senza spremerla come un limone\u201d conclude emozionato Cesare.<\/p>\n<p>Anniversari importanti: i 55 anni di Giorgia e i 60 anni di carriera dei Pooh (9)<\/p>\n<p>La puntata prosegue parlando con il direttore di Tv Sorrisi e Canzoni di alcuni dei traguardi pi\u00f9 importanti nel campo della musica e dello spettacolo tra cui i <strong>55 anni<\/strong> di <a href=\"https:\/\/dilei.it\/star-e-vip\/giorgia-todrani\/\" rel=\"nofollow noopener\" target=\"_blank\">Giorgia<\/a>, festeggiati con il suo amore <a href=\"https:\/\/dilei.it\/star-e-vip\/emanuel-lo\/\" rel=\"nofollow noopener\" target=\"_blank\">Emanuel Lo<\/a>, e i <strong>60 anni di carriera<\/strong> dei Pooh con il ricordo di <strong>Stefano D\u2019Orazio<\/strong> che era il manager del gruppo. Caterina Balivo parla dei loro figli, <a href=\"https:\/\/dilei.it\/star-e-vip\/francesco-facchinetti\/\" rel=\"nofollow noopener\" target=\"_blank\">Francesco Facchinetti<\/a> e Daniele Battaglia, figli rispettivamente di Robi e Dodi, che lavorano con i genitori.<\/p>\n<p>\t\t\t\tScopri i personaggi in trend, le storie del momento e molto altro.<br \/>Dove? Sul <a href=\"https:\/\/whatsapp.com\/channel\/0029Vb68mVyHVvTWezDm7d0R\" target=\"_blank\" rel=\"noopener nofollow\">canale WhatsApp di DiLei!<\/a><\/p>\n<p>\t\t\t<a class=\"buttonCall\" href=\"https:\/\/whatsapp.com\/channel\/0029Vb68mVyHVvTWezDm7d0R\" target=\"_blank\" rel=\"noopener nofollow\" title=\"Seguici su WhatsApp\"><br \/>\n\t\t\t\tSeguici su WhatsApp<br \/>\n\t\t\t<\/a><\/p>\n","protected":false},"excerpt":{"rendered":"Torna marted\u00ec 28 aprile il consueto appuntamento con uno dei programmi pi\u00f9 amati del pomeriggio di Rai1 ovvero&hellip;\n","protected":false},"author":3,"featured_media":465144,"comment_status":"","ping_status":"","sticky":false,"template":"","format":"standard","meta":{"footnotes":"","_share_on_mastodon":"0"},"categories":[174],"tags":[39049,40628,203,96408,204,1537,90,89,214],"class_list":["post-465143","post","type-post","status-publish","format-standard","has-post-thumbnail","category-intrattenimento","tag-caterina-balivo","tag-chirurgia-plastica","tag-entertainment","tag-eva-grimaldi","tag-intrattenimento","tag-it","tag-italia","tag-italy","tag-spettacolo"],"share_on_mastodon":{"url":"https:\/\/pubeurope.com\/@it\/116483662209258155","error":""},"_links":{"self":[{"href":"https:\/\/www.europesays.com\/it\/wp-json\/wp\/v2\/posts\/465143","targetHints":{"allow":["GET"]}}],"collection":[{"href":"https:\/\/www.europesays.com\/it\/wp-json\/wp\/v2\/posts"}],"about":[{"href":"https:\/\/www.europesays.com\/it\/wp-json\/wp\/v2\/types\/post"}],"author":[{"embeddable":true,"href":"https:\/\/www.europesays.com\/it\/wp-json\/wp\/v2\/users\/3"}],"replies":[{"embeddable":true,"href":"https:\/\/www.europesays.com\/it\/wp-json\/wp\/v2\/comments?post=465143"}],"version-history":[{"count":0,"href":"https:\/\/www.europesays.com\/it\/wp-json\/wp\/v2\/posts\/465143\/revisions"}],"wp:featuredmedia":[{"embeddable":true,"href":"https:\/\/www.europesays.com\/it\/wp-json\/wp\/v2\/media\/465144"}],"wp:attachment":[{"href":"https:\/\/www.europesays.com\/it\/wp-json\/wp\/v2\/media?parent=465143"}],"wp:term":[{"taxonomy":"category","embeddable":true,"href":"https:\/\/www.europesays.com\/it\/wp-json\/wp\/v2\/categories?post=465143"},{"taxonomy":"post_tag","embeddable":true,"href":"https:\/\/www.europesays.com\/it\/wp-json\/wp\/v2\/tags?post=465143"}],"curies":[{"name":"wp","href":"https:\/\/api.w.org\/{rel}","templated":true}]}}