{"id":465249,"date":"2026-04-28T19:44:17","date_gmt":"2026-04-28T19:44:17","guid":{"rendered":"https:\/\/www.europesays.com\/it\/465249\/"},"modified":"2026-04-28T19:44:17","modified_gmt":"2026-04-28T19:44:17","slug":"juve-conceicao-nel-mirino-di-liverpool-e-manchester-united-la-situazione","status":"publish","type":"post","link":"https:\/\/www.europesays.com\/it\/465249\/","title":{"rendered":"Juve, Concei\u00e7ao nel mirino di Liverpool e Manchester United: la situazione"},"content":{"rendered":"<p>                                Le big di Premier mettono nel mirino l&#8217;esterno portoghese, protagonista anche nell&#8217;ultima gara dei bianconeri contro il Milan<\/p>\n<p>            <a class=\"image is-50x50\" href=\"https:\/\/www.gazzetta.it\/redazione\/fabio-russo\/\" rel=\"nofollow noopener\" target=\"_blank\"><br \/>\n                <img decoding=\"async\" class=\"is-rounded\" src=\"https:\/\/www.europesays.com\/it\/wp-content\/uploads\/2025\/11\/fabio_russo_avatar.png\" alt=\"Fabio Russo\"\/><br \/>\n            <\/a><\/p>\n<p>Giornalista<\/p>\n<p>                    28 aprile &#8211; 18:59  &#8211; MILANO<\/p>\n<p class=\"paragraph\" spellcheck=\"true\">Iniziano a risuonare forte le sirene della Premier League sulla Continassa. In particolare, il mirino dei club inglesi nelle ultime settimane sembra essersi puntato <a href=\"https:\/\/www.gazzetta.it\/Calcio\/Serie-A\/Juventus\/31-03-2026\/calciomercato-juve-la-premier-su-kalulu-thuram-e-conceicao-i-dettagli.shtml?intcmp=hyperlink-articolo-gazit\" title=\"Yildiz blindato, ma la Premier non molla la Juve: gli scenari su Kalulu, Thuram e Concei\u00e7ao\" rel=\"nofollow noopener\" target=\"_blank\">soprattutto su Francisco Concei\u00e7ao<\/a>, 23enne esterno portoghese della Juve che, nonostante una stagione da 4 gol e 4 assist in 38 partite, ha molti estimatori Oltremanica.<\/p>\n<p>    la crescita di concei\u00e7ao alla juve\u2014 \u00a0<\/p>\n<p class=\"paragraph is-inline\" spellcheck=\"true\">Anche nell&#8217;ultima uscita juventina &#8220;Chico&#8221; ha confermato che la sua crescita sta andando oltre i freddi numeri. Migliore in campo dei bianconeri a San Siro, Concei\u00e7ao ha vinto su tutta la linea il derby con l&#8217;altro portoghese in campo, Leao: pi\u00f9 tiri (4 a 1), pi\u00f9 dribbling (5 a 2) e pi\u00f9 palloni toccati (54 a 37).\u00a0\u00c8 dai suoi piedi che sono nate <a href=\"https:\/\/www.gazzetta.it\/Calcio\/Serie-A\/Milan\/26-04-2026\/milan-juventus-live-gol-e-risultato-in-diretta-serie-a.shtml?intcmp=hyperlink-articolo-gazit\" title=\"Tra Milan e Juve vince la noia. Ma per la Champions ad Allegri e Spalletti va bene cos\u00ec\" rel=\"nofollow noopener\" target=\"_blank\">le occasioni pi\u00f9 pericolose della Juve<\/a>: il gol annullato a Thuram e la conclusione respinta di petto da Maignan dopo aver &#8220;ubriacato&#8221; Bartesaghi. Ma soprattutto, contro il Milan il figlio d&#8217;arte ha dimostrato che la cura Spalletti lo sta rendendo pi\u00f9 continuo nella partita e pi\u00f9 &#8220;centrale&#8221; in campo di quanto non fosse in passato. E Liverpool e Manchester United se ne sono accorti.\u00a0<\/p>\n<p>    francisco concei\u00e7ao nel mirino del liverpool\u2014 \u00a0<\/p>\n<p class=\"paragraph is-inline\" spellcheck=\"true\">In particolare, i Reds, alle prese con la necessit\u00e0 di sostituire Salah, che lascer\u00e0 a fine stagione, intravedono per Concei\u00e7ao il percorso fatto dall&#8217;egiziano con il passaggio dalla Roma ad Anfield: un buon esterno tecnico e adrenalinico diventato bomber implacabile. L&#8217;assist, d&#8217;altronde, \u00e8 arrivato dallo stesso Spalletti. &#8220;L&#8217;accostamento \u00e8 corretto &#8211; <a href=\"https:\/\/www.gazzetta.it\/Calcio\/Serie-A\/Juventus\/06-04-2026\/spalletti-dopo-juve-genoa-2-0-preoccupato-per-vlahovic-e-perin.shtml?intcmp=hyperlink-articolo-gazit\" title=\"Spalletti: &quot;Dopo 6 mesi ancora non so cos&#039;\u00e8 la mia Juve. Nazionale? Un U19 titolare in ogni squadra di A&quot;\" rel=\"nofollow noopener\" target=\"_blank\">si era sbilanciato qualche settimana fa l&#8217;allenatore della Juve<\/a> -: \u00e8 un ragazzino giovane, ha ancora conoscenze da fare, deve convincersi che pu\u00f2 giocare un po&#8217; dentro il campo e avere l&#8217;uomo alle spalle non gli deve creare ansia. Se riceve sull&#8217;esterno e ti guarda, per\u00f2, diventa immarcabile. Deve migliorare sotto l&#8217;aspetto della qualit\u00e0 del tiro in porta, perch\u00e9 Salah \u00e8 di livello toppissimo, ma Concei\u00e7ao ha questa intensit\u00e0 e ferocia nel fare l&#8217;uno contro uno che \u00e8 veramente difficile tenerlo&#8221;.\u00a0<\/p>\n<p><a class=\"is-partner-link\" href=\"https:\/\/aipredictor.gazzetta.it\/?intcmp=linkArticoloSerieA\" rel=\"nofollow noopener\" target=\"_blank\">Pronostici sulla Serie A generati dalla nostra IA. Prova gratis Gazzetta AI Predictor.<\/a><\/p>\n<p>    juve, la valutazione di concei\u00e7ao\u2014 \u00a0<\/p>\n<p class=\"paragraph is-inline\" spellcheck=\"true\">Il Manchester United, invece, ormai quasi certo del ritorno in Champions League, \u00e8 alla ricerca di rinforzi per alzare la qualit\u00e0 della rosa sugli esterni d&#8217;attacco. Concei\u00e7ao per il momento abbozza (&#8220;Io gioco in un grande club dove sono felice&#8221;, ha detto recentemente), la Juve osserva: dopo aver acquistato &#8220;Chico&#8221; per 32 milioni l&#8217;estate scorsa (con un ingaggio da 3,8 milioni a stagione fino al 2030), non si siederebbe a un tavolo di trattativa per meno di 25\/20 milioni pi\u00f9 della cifra per cui \u00e8 attualmente a bilancio (25,6). E chiss\u00e0 che il Mondiale non possa far aumentare ancora il suono delle sirene&#8230;<\/p>\n<p class=\"is-copyright\">\u00a9 RIPRODUZIONE RISERVATA<\/p>\n","protected":false},"excerpt":{"rendered":"Le big di Premier mettono nel mirino l&#8217;esterno portoghese, protagonista anche nell&#8217;ultima gara dei bianconeri contro il Milan&hellip;\n","protected":false},"author":3,"featured_media":465250,"comment_status":"","ping_status":"","sticky":false,"template":"","format":"standard","meta":{"footnotes":"","_share_on_mastodon":"0"},"categories":[1452],"tags":[8235,585,721,921,159451,554,7801,1307,3073,107652,1740,31807,51877,1976,1537,90,89,565,1980,3978,5364,2923,553,1846,1316,13201,115,4963,34110,12652,1739,337,245,244,577,5361],"class_list":["post-465249","post","type-post","status-publish","format-standard","has-post-thumbnail","category-calcio","tag-assist","tag-bianconeri","tag-calcio","tag-campo","tag-chico","tag-club","tag-conceicao","tag-crescita","tag-esterno","tag-esterno-portoghese","tag-football","tag-francisco","tag-francisco-conceicao","tag-gol","tag-it","tag-italia","tag-italy","tag-juve","tag-league","tag-liverpool","tag-manchester","tag-manchester-united","tag-milan","tag-mirino","tag-particolare","tag-portoghese","tag-premier","tag-qualita","tag-salah","tag-sirene","tag-soccer","tag-soprattutto","tag-sport","tag-sports","tag-stagione","tag-united"],"share_on_mastodon":{"url":"https:\/\/pubeurope.com\/@it\/116484051837426697","error":""},"_links":{"self":[{"href":"https:\/\/www.europesays.com\/it\/wp-json\/wp\/v2\/posts\/465249","targetHints":{"allow":["GET"]}}],"collection":[{"href":"https:\/\/www.europesays.com\/it\/wp-json\/wp\/v2\/posts"}],"about":[{"href":"https:\/\/www.europesays.com\/it\/wp-json\/wp\/v2\/types\/post"}],"author":[{"embeddable":true,"href":"https:\/\/www.europesays.com\/it\/wp-json\/wp\/v2\/users\/3"}],"replies":[{"embeddable":true,"href":"https:\/\/www.europesays.com\/it\/wp-json\/wp\/v2\/comments?post=465249"}],"version-history":[{"count":0,"href":"https:\/\/www.europesays.com\/it\/wp-json\/wp\/v2\/posts\/465249\/revisions"}],"wp:featuredmedia":[{"embeddable":true,"href":"https:\/\/www.europesays.com\/it\/wp-json\/wp\/v2\/media\/465250"}],"wp:attachment":[{"href":"https:\/\/www.europesays.com\/it\/wp-json\/wp\/v2\/media?parent=465249"}],"wp:term":[{"taxonomy":"category","embeddable":true,"href":"https:\/\/www.europesays.com\/it\/wp-json\/wp\/v2\/categories?post=465249"},{"taxonomy":"post_tag","embeddable":true,"href":"https:\/\/www.europesays.com\/it\/wp-json\/wp\/v2\/tags?post=465249"}],"curies":[{"name":"wp","href":"https:\/\/api.w.org\/{rel}","templated":true}]}}