{"id":465329,"date":"2026-04-28T20:51:13","date_gmt":"2026-04-28T20:51:13","guid":{"rendered":"https:\/\/www.europesays.com\/it\/465329\/"},"modified":"2026-04-28T20:51:13","modified_gmt":"2026-04-28T20:51:13","slug":"con-il-rinnovo-arriva-lorario-flessibile","status":"publish","type":"post","link":"https:\/\/www.europesays.com\/it\/465329\/","title":{"rendered":"con il rinnovo arriva l&#8217;orario flessibile"},"content":{"rendered":"<p>Il <strong>rinnovo del Ccnl Funzioni locali<\/strong> non riguarda soltanto l\u2019aspetto economico, ma introduce una serie di interventi strutturali che puntano a ridefinire l\u2019organizzazione del lavoro, il <strong>welfare<\/strong> e i profili professionali. L\u2019avvio ufficiale della trattativa segna infatti l\u2019inizio di un percorso che mira a rendere il lavoro negli enti pi\u00f9 competitivo, aggiornato e sostenibile, in un contesto in cui la pubblica amministrazione deve affrontare<strong> carenze di personale, turnover elevato<\/strong> e difficolt\u00e0 di attrazione di nuove competenze.\n<\/p>\n<p>Aumenti medi e risorse per il rinnovo contrattuale<\/p>\n<p>Come previsto dall\u2019atto di indirizzo approvato dal comitato di settore, il rinnovo del contratto delle Funzioni locali pu\u00f2 contare su uno stanziamento complessivo di circa <strong>988 milioni di euro annui<\/strong>. La dotazione finanziaria dovrebbe consentire incrementi medi intorno ai <strong>135 euro mensili<\/strong>. Non si tratta di un aumento uniforme per tutti, ma di una media che sar\u00e0 modulata in base agli inquadramenti, alle progressioni e alle componenti accessorie della retribuzione.<\/p>\n<p>Questo intervento si inserisce in una strategia pi\u00f9 ampia volta a stabilizzare il potere d\u2019acquisto dei dipendenti pubblici, in un contesto ancora influenzato dalle <a href=\"https:\/\/quifinanza.it\/economia\/inflazione-guerra-perdita-1500-euro\/975683\/\" rel=\"nofollow noopener\" target=\"_blank\">dinamiche inflattive<\/a>. La trattativa, che sar\u00e0 avviata con la convocazione delle parti sociali da parte dell\u2019Aran, punta a raggiungere la sottoscrizione definitiv<strong>a entro la fine dell\u2019anno<\/strong>, cos\u00ec da rendere operative le nuove condizioni contrattuali in tempi relativamente rapidi.<\/p>\n<p>Come gi\u00e0 accennato, per\u00f2, l\u2019aumento degli stipendi non \u00e8 l\u2019unico elemento in discussione. Il rinnovo punta infatti a intervenire anche sulle modalit\u00e0 di<strong> organizzazione del lavoro<\/strong> e sulla valorizzazione delle competenze, per migliorare l\u2019efficienza degli enti territoriali.<\/p>\n<p>Welfare e flessibilit\u00e0: le novit\u00e0 per i dipendenti degli enti locali<\/p>\n<p>Tra le innovazioni pi\u00f9 rilevanti introdotte dall\u2019atto di indirizzo c\u2019\u00e8 il<strong> rafforzamento del welfare aziendale<\/strong>, con particolare attenzione alla conciliazione tra vita lavorativa e personale, cos\u00ec da ampliare i benefici non monetari che gli enti possono riconoscere ai dipendenti.<\/p>\n<p>In questa prospettiva si prevede una maggiore <strong>flessibilit\u00e0<\/strong> dell\u2019orario di lavoro, soprattutto per alcune categorie di lavoratori. I genitori con figli in et\u00e0 scolare e i <a href=\"https:\/\/quifinanza.it\/fisco-tasse\/bonus-fiscali\/bonus-caregiver-2026-requisiti\/957466\/\" rel=\"nofollow noopener\" target=\"_blank\">caregiver<\/a>, impegnati nell\u2019assistenza a familiari non autosufficienti o con disabilit\u00e0, potrebbero beneficiare di modalit\u00e0 organizzative pi\u00f9 elastiche. Questo approccio risponde alla necessit\u00e0 di rendere il lavoro pubblico pi\u00f9 attrattivo e al tempo stesso ridurre l\u2019assenteismo e migliorare la produttivit\u00e0.<\/p>\n<p>Il rafforzamento del welfare si inserisce in una tendenza gi\u00e0 avviata negli ultimi rinnovi contrattuali della pubblica amministrazione, dove sempre pi\u00f9 spazio viene dato a strumenti come <strong>flessibilit\u00e0<\/strong> oraria, lavoro agile, <strong>permessi<\/strong> e misure di <strong>supporto alla genitorialit\u00e0.<\/strong> L\u2019obiettivo \u00e8 superare una logica esclusivamente retributiva, introducendo leve organizzative capaci di incidere concretamente sulla qualit\u00e0 del lavoro.<\/p>\n<p>Nuovi profili professionali e gestione del personale educativo<\/p>\n<p>Un altro intervento importante riguarda la <strong>revisione dei profili professionali<\/strong>, con particolare attenzione al personale educativo degli enti locali. Per risolvere le criticit\u00e0 legate ai titoli di studio, l\u2019atto di indirizzo prevede la creazione di un<strong> profilo temporaneo<\/strong> all\u2019interno dell\u2019area degli istruttori.<\/p>\n<p>Questa soluzione \u00e8 pensata per quegli educatori che gi\u00e0 operano sul campo ma che non possiedono ancora i requisiti accademici richiesti per <strong>l\u2019inquadramento come funzionari<\/strong>. Si tratta di una misura ponte che punta a garantire continuit\u00e0 dei servizi educativi, evitando allo stesso tempo penalizzazioni per il personale gi\u00e0 in servizio.<\/p>\n<p>Le misure escluse e i nodi ancora aperti<\/p>\n<p>Non tutte le ipotesi discusse nelle bozze tecniche sono state confermate. In particolare, \u00e8 stata stralciata la previsione che avrebbe introdotto parametri uniformi per il calcolo delle <strong>componenti retributive<\/strong> durante il <a href=\"https:\/\/quifinanza.it\/lavoro\/ferie-non-godute-indennita-sostitutiva-quando\/960598\/\" rel=\"nofollow noopener\" target=\"_blank\">periodo di ferie<\/a>. La scelta di eliminare questa misura indica la complessit\u00e0 della materia e la necessit\u00e0 di ulteriori approfondimenti tecnici.<\/p>\n<p>Restano inoltre aperti alcuni nodi legati alla valorizzazione della <strong>produttivit\u00e0<\/strong>, alla distribuzione delle risorse accessorie e alle progressioni economiche interne. Si tratta di temi che saranno affrontati nel confronto tra Aran e sindacati e che potrebbero incidere in modo significativo sull\u2019equilibrio complessivo del contratto.<\/p>\n<blockquote class=\"instagram-media\" data-instgrm-captioned=\"\" data-instgrm-permalink=\"https:\/\/www.instagram.com\/p\/DWFC5OXipQw\/?utm_source=ig_embed&amp;utm_campaign=loading\" data-instgrm-version=\"14\" style=\" background:#FFF; border:0; border-radius:3px; box-shadow:0 0 1px 0 rgba(0,0,0,0.5),0 1px 10px 0 rgba(0,0,0,0.15); margin: 1px; max-width:100%; min-width:326px; padding:0; width:99.375%; width:-webkit-calc(100% - 2px); width:calc(100% - 2px);\"\/>\n<p>\t<script async src=\"\/\/www.instagram.com\/embed.js\"><\/script><\/p>\n","protected":false},"excerpt":{"rendered":"Il rinnovo del Ccnl Funzioni locali non riguarda soltanto l\u2019aspetto economico, ma introduce una serie di interventi strutturali&hellip;\n","protected":false},"author":3,"featured_media":465330,"comment_status":"","ping_status":"","sticky":false,"template":"","format":"standard","meta":{"footnotes":"","_share_on_mastodon":"0"},"categories":[79],"tags":[14,93,94,1537,90,89,190,7,15,21930,11,84,91,12,85,92,3003],"class_list":["post-465329","post","type-post","status-publish","format-standard","has-post-thumbnail","category-italia","tag-cronaca","tag-cronaca-italiana","tag-cronacaitaliana","tag-it","tag-italia","tag-italy","tag-lavoro","tag-news","tag-notizie","tag-pubblica-amministrazione","tag-ultime-notizie","tag-ultime-notizie-e-news-di-oggi","tag-ultime-notizie-italia","tag-ultimenotizie","tag-ultimenotizieenewsdioggi","tag-ultimenotizieitalia","tag-welfare"],"share_on_mastodon":{"url":"https:\/\/pubeurope.com\/@it\/116484314722260996","error":""},"_links":{"self":[{"href":"https:\/\/www.europesays.com\/it\/wp-json\/wp\/v2\/posts\/465329","targetHints":{"allow":["GET"]}}],"collection":[{"href":"https:\/\/www.europesays.com\/it\/wp-json\/wp\/v2\/posts"}],"about":[{"href":"https:\/\/www.europesays.com\/it\/wp-json\/wp\/v2\/types\/post"}],"author":[{"embeddable":true,"href":"https:\/\/www.europesays.com\/it\/wp-json\/wp\/v2\/users\/3"}],"replies":[{"embeddable":true,"href":"https:\/\/www.europesays.com\/it\/wp-json\/wp\/v2\/comments?post=465329"}],"version-history":[{"count":0,"href":"https:\/\/www.europesays.com\/it\/wp-json\/wp\/v2\/posts\/465329\/revisions"}],"wp:featuredmedia":[{"embeddable":true,"href":"https:\/\/www.europesays.com\/it\/wp-json\/wp\/v2\/media\/465330"}],"wp:attachment":[{"href":"https:\/\/www.europesays.com\/it\/wp-json\/wp\/v2\/media?parent=465329"}],"wp:term":[{"taxonomy":"category","embeddable":true,"href":"https:\/\/www.europesays.com\/it\/wp-json\/wp\/v2\/categories?post=465329"},{"taxonomy":"post_tag","embeddable":true,"href":"https:\/\/www.europesays.com\/it\/wp-json\/wp\/v2\/tags?post=465329"}],"curies":[{"name":"wp","href":"https:\/\/api.w.org\/{rel}","templated":true}]}}