{"id":465929,"date":"2026-04-29T07:01:11","date_gmt":"2026-04-29T07:01:11","guid":{"rendered":"https:\/\/www.europesays.com\/it\/465929\/"},"modified":"2026-04-29T07:01:11","modified_gmt":"2026-04-29T07:01:11","slug":"milan-scatta-lora-di-jashari-tocca-a-lui-la-difficile-eredita-di-modric","status":"publish","type":"post","link":"https:\/\/www.europesays.com\/it\/465929\/","title":{"rendered":"Milan, scatta l&#8217;ora di Jashari: tocca a lui la difficile eredit\u00e0 di Modric"},"content":{"rendered":"<p>Con Luka Modric ko, al Milan \u00e8 venuto il tempo (pieno) per Ardon Jashari, 23 anni, svizzero, sbarcato a Milanello nell&#8217;estate scorsa (l&#8217;acquisto pi\u00f9 costoso dell&#8217;epoca Tare) dal Bruges e tagliato fuori non solo per il riconosciuto talento di Modric ma anche per via di un grave infortunio capitato prima dell&#8217;inizio del campionato.<\/p>\n<p>Il fuoriclasse croato (nella foto), subito dopo l&#8217;intervento chirurgico effettuato luned\u00ec per ricostruire lo zigomo sinistro ridotto in pezzi dallo scontro fortuito con Locatelli, ha deciso di restare a <a data-autogenerated=\"yes\" data-datalayer-click-event-target=\"internal\" href=\"https:\/\/www.ilgiornale.it\/luoghi\/milano-144656.html\" rel=\"nofollow noopener\" target=\"_blank\">Milano<\/a>. Non pu\u00f2 viaggiare in aereo per le prossime due settimane e rimarr\u00e0 quindi al fianco del Milan impegnato in questo ultimo scatto verso la Champions league. La prognosi \u00e8 di otto settimane per la guarigione: dopo le prime due riprender\u00e0 ad allenarsi da solo a Milanello e in vista del possibile utilizzo al prossimo mondiale comincer\u00e0 a utilizzare la maschera protettiva (tipo Osimhen) con cui dovr\u00e0 presentarsi negli Usa. Da domenica a Reggio Emilia contro il Sassuolo &#8211; da sempre la bestia nera del Milan &#8211; verr\u00e0 il tempo di Jashari che dovr\u00e0 dimostrare di meritare tutto il credito che gli \u00e8 stato accreditato dallo stesso Allegri (lo ha difeso a spada tratta anche nell&#8217;ultima conferenza stampa).<\/p>\n<p>Fino a ieri lo svizzero ha collezionato appena 11 presenze in campionato, poche da titolare, pi\u00f9 una con la Lazio in coppa Italia, raccogliendo un solo assist (a favore di Leao per l&#8217;1 a 1 contro il Como in campionato). La presenza di Jashari non modificher\u00e0 il sistema di gioco che resta confermato con il classico 3-5-2 che ha offerto una ripetuta prova di solidit\u00e0 proprio contro la Juve confermando alla difesa rossonera il ruolo di miglior reparto del campionato con i suoi 27 gol subiti, meno della met\u00e0 finora rispetto a quelli incassati nella passata stagione dalle due gestioni tecniche, quella di Fonseca prima e di Concei\u00e7ao poi.\n<\/p>\n<p> L&#8217;unico quesito \u00e8 legato alla condizione fisica di Jashari e al ritmo partita tutto da recuperare: per questo motivo \u00e8 ipotizzabile la staffetta con Ricci che, anche contro la Juve, \u00e8 subentrato dalla panchina per sostituire Fofana ma giocando da mezz&#8217;ala con una determinazione degna di considerazione (leggere un paio di contrasti vinti con Yildiz).<\/p>\n","protected":false},"excerpt":{"rendered":"Con Luka Modric ko, al Milan \u00e8 venuto il tempo (pieno) per Ardon Jashari, 23 anni, svizzero, sbarcato&hellip;\n","protected":false},"author":3,"featured_media":465930,"comment_status":"","ping_status":"","sticky":false,"template":"","format":"standard","meta":{"footnotes":"","_share_on_mastodon":"0"},"categories":[1452],"tags":[1744,721,1740,260004,1537,90,89,28086,1739,245,244],"class_list":["post-465929","post","type-post","status-publish","format-standard","has-post-thumbnail","category-calcio","tag-ac-milan","tag-calcio","tag-football","tag-infortuni-calciatori","tag-it","tag-italia","tag-italy","tag-luka-modric","tag-soccer","tag-sport","tag-sports"],"share_on_mastodon":{"url":"https:\/\/pubeurope.com\/@it\/116486713421667331","error":""},"_links":{"self":[{"href":"https:\/\/www.europesays.com\/it\/wp-json\/wp\/v2\/posts\/465929","targetHints":{"allow":["GET"]}}],"collection":[{"href":"https:\/\/www.europesays.com\/it\/wp-json\/wp\/v2\/posts"}],"about":[{"href":"https:\/\/www.europesays.com\/it\/wp-json\/wp\/v2\/types\/post"}],"author":[{"embeddable":true,"href":"https:\/\/www.europesays.com\/it\/wp-json\/wp\/v2\/users\/3"}],"replies":[{"embeddable":true,"href":"https:\/\/www.europesays.com\/it\/wp-json\/wp\/v2\/comments?post=465929"}],"version-history":[{"count":0,"href":"https:\/\/www.europesays.com\/it\/wp-json\/wp\/v2\/posts\/465929\/revisions"}],"wp:featuredmedia":[{"embeddable":true,"href":"https:\/\/www.europesays.com\/it\/wp-json\/wp\/v2\/media\/465930"}],"wp:attachment":[{"href":"https:\/\/www.europesays.com\/it\/wp-json\/wp\/v2\/media?parent=465929"}],"wp:term":[{"taxonomy":"category","embeddable":true,"href":"https:\/\/www.europesays.com\/it\/wp-json\/wp\/v2\/categories?post=465929"},{"taxonomy":"post_tag","embeddable":true,"href":"https:\/\/www.europesays.com\/it\/wp-json\/wp\/v2\/tags?post=465929"}],"curies":[{"name":"wp","href":"https:\/\/api.w.org\/{rel}","templated":true}]}}