{"id":466414,"date":"2026-04-29T13:57:13","date_gmt":"2026-04-29T13:57:13","guid":{"rendered":"https:\/\/www.europesays.com\/it\/466414\/"},"modified":"2026-04-29T13:57:13","modified_gmt":"2026-04-29T13:57:13","slug":"succo-di-frutta-richiamato-per-frammenti-di-vetro-attenzione-a-questo-lotto","status":"publish","type":"post","link":"https:\/\/www.europesays.com\/it\/466414\/","title":{"rendered":"Succo di frutta richiamato per frammenti di vetro, attenzione a questo lotto"},"content":{"rendered":"<p>\t\t\t\t\t\t\t<a href=\"https:\/\/quifinanza.it\/esperti\/giorgio-pirani\/\" rel=\"nofollow noopener\" target=\"_blank\"><br \/>\n\t\t\t\t\t\t\t\t\t\t\t\t<img loading=\"lazy\" decoding=\"async\" src=\"data:image\/svg+xml,%3Csvg%20xmlns='http:\/\/www.w3.org\/2000\/svg'%20viewBox='0%200%2060%2060%202'%3E%3C\/svg%3E\" class=\"wp-post-image lazy\" alt=\"Foto di Giorgio Pirani\" width=\"60\" height=\"60\" data-original=\"https:\/\/quifinanza.it\/wp-content\/uploads\/sites\/5\/2023\/05\/Giorgio-Pirani.jpg?w=60&amp;h=60&amp;crop=1\"\/>\t\t\t\t\t\t\t\t\t\t\t<\/a><\/p>\n<p>\t\t\t\t\t\t\t\t\t\t<a href=\"https:\/\/quifinanza.it\/esperti\/giorgio-pirani\/\" rel=\"nofollow noopener\" target=\"_blank\"><\/p>\n<p class=\"expert-box-name black\">Giorgio Pirani<\/p>\n<p>\t\t\t\t\t\t\t<\/a><\/p>\n<p class=\"expert-box-title\">Giornalista economico-culturale<\/p>\n<p class=\"expert-box-desc\">Giornalista professionista esperto di tematiche di attualit\u00e0, cultura ed economia. Collabora con diverse testate giornalistiche a livello nazionale.<\/p>\n<p>Carrefour ha disposto il richiamo precauzionale di un lotto di <strong>bevanda mela e carota<\/strong> a marchio Carrefour Bio. Il provvedimento \u00e8 stato adottato dopo la segnalazione della possibile presenza di un frammento di vetro all\u2019interno di una confezione. L\u2019avviso \u00e8 stato pubblicato il 26 aprile 2026 e riguarda bottiglie in vetro da 500 ml.\n<\/p>\n<p>Il prodotto coinvolto<\/p>\n<p>La bevanda interessata dal provvedimento \u00e8 identificata dai seguenti dati:<\/p>\n<ul>\n<li>marchio: Carrefour Bio;<\/li>\n<li>denominazione di vendita: Bevanda di Mela e Carota;<\/li>\n<li>formato: 500 ml;<\/li>\n<li>lotto di produzione: corrispondente al termine minimo di conservazione (Tmc) 03\/10\/2027, stampato sulla parte superiore del tappo;<\/li>\n<li>produttore: Arc En Ciel Societ\u00e0 Agricola Cooperativa;<\/li>\n<li>stabilimento: Via Roma 108, 10070 Cafasse (TO).<\/li>\n<\/ul>\n<p><img fetchpriority=\"high\" decoding=\"async\" class=\"wp-image-975916 size-full\" src=\"https:\/\/www.europesays.com\/it\/wp-content\/uploads\/2026\/04\/bevanda-alla-frutta.png\" width=\"1217\" height=\"694\"  \/><\/p>\n<p>Il motivo del richiamo<\/p>\n<p>Il richiamo \u00e8 stato attivato a scopo precauzionale dopo il ritrovamento di un <strong>frammento di vetro<\/strong> in una confezione. Essendo il prodotto imbottigliato in vetro, la presenza di frammenti rappresenta un potenziale rischio fisico per il consumatore e pu\u00f2 causare lesioni in caso di ingestione.<\/p>\n<p>La procedura, pur riguardando un solo lotto, \u00e8 stata avviata tempestivamente nel rispetto delle normative sulla sicurezza alimentare. L\u2019azienda produttrice, Arc En Ciel Societ\u00e0 Agricola Cooperativa, ha sede a Cafasse, nella citt\u00e0 metropolitana di Torino (Piemonte). Il prodotto \u00e8 commercializzato da <strong>Carrefour<\/strong> tramite GS S.p.A., che gestisce la rete dei supermercati in Italia.<\/p>\n<p>Cosa fare se si possiede il prodotto<\/p>\n<p>Carrefour raccomanda ai clienti che abbiano acquistato la bevanda mela e carota Carrefour Bio con Tmc 3 ottobre 2027 di <strong>non consumarla<\/strong> e di restituirla al punto vendita. Il rimborso verr\u00e0 effettuato anche senza scontrino. Per ulteriori informazioni \u00e8 possibile contattare il numero verde gratuito 800 650 650.<\/p>\n<p>Per verificare se la bottiglia acquistata rientra nel richiamo, \u00e8 sufficiente controllare il Tmc riportato sul tappo: se corrisponde al 3 ottobre 2027, il prodotto non deve essere consumato. L\u2019avviso rester\u00e0 esposto nei punti vendita fino al 31 maggio 2026, termine previsto per la comunicazione al pubblico.<\/p>\n","protected":false},"excerpt":{"rendered":"Giorgio Pirani Giornalista economico-culturale Giornalista professionista esperto di tematiche di attualit\u00e0, cultura ed economia. Collabora con diverse testate&hellip;\n","protected":false},"author":3,"featured_media":466415,"comment_status":"","ping_status":"","sticky":false,"template":"","format":"standard","meta":{"footnotes":"","_share_on_mastodon":"0"},"categories":[172],"tags":[178,177,9276,16970,1537,90,89,3116,120979],"class_list":["post-466414","post","type-post","status-publish","format-standard","has-post-thumbnail","category-affari","tag-affari","tag-business","tag-carrefour","tag-giochi-e-lotterie","tag-it","tag-italia","tag-italy","tag-lotto-e-superenalotto","tag-ritiri-alimentari"],"share_on_mastodon":{"url":"https:\/\/pubeurope.com\/@it\/116488349222020522","error":""},"_links":{"self":[{"href":"https:\/\/www.europesays.com\/it\/wp-json\/wp\/v2\/posts\/466414","targetHints":{"allow":["GET"]}}],"collection":[{"href":"https:\/\/www.europesays.com\/it\/wp-json\/wp\/v2\/posts"}],"about":[{"href":"https:\/\/www.europesays.com\/it\/wp-json\/wp\/v2\/types\/post"}],"author":[{"embeddable":true,"href":"https:\/\/www.europesays.com\/it\/wp-json\/wp\/v2\/users\/3"}],"replies":[{"embeddable":true,"href":"https:\/\/www.europesays.com\/it\/wp-json\/wp\/v2\/comments?post=466414"}],"version-history":[{"count":0,"href":"https:\/\/www.europesays.com\/it\/wp-json\/wp\/v2\/posts\/466414\/revisions"}],"wp:featuredmedia":[{"embeddable":true,"href":"https:\/\/www.europesays.com\/it\/wp-json\/wp\/v2\/media\/466415"}],"wp:attachment":[{"href":"https:\/\/www.europesays.com\/it\/wp-json\/wp\/v2\/media?parent=466414"}],"wp:term":[{"taxonomy":"category","embeddable":true,"href":"https:\/\/www.europesays.com\/it\/wp-json\/wp\/v2\/categories?post=466414"},{"taxonomy":"post_tag","embeddable":true,"href":"https:\/\/www.europesays.com\/it\/wp-json\/wp\/v2\/tags?post=466414"}],"curies":[{"name":"wp","href":"https:\/\/api.w.org\/{rel}","templated":true}]}}