{"id":466492,"date":"2026-04-29T15:03:16","date_gmt":"2026-04-29T15:03:16","guid":{"rendered":"https:\/\/www.europesays.com\/it\/466492\/"},"modified":"2026-04-29T15:03:16","modified_gmt":"2026-04-29T15:03:16","slug":"giro-di-turchia-aniolkowski-sfreccia-a-fethiye-davanti-a-pickrell-e-persico-6-ballerini-8-manenti","status":"publish","type":"post","link":"https:\/\/www.europesays.com\/it\/466492\/","title":{"rendered":"GIRO DI TURCHIA, ANIOLKOWSKI SFRECCIA A FETHIYE DAVANTI A PICKRELL E PERSICO. 6\u00b0 BALLERINI, 8\u00b0 MANENTI"},"content":{"rendered":"<p class=\"MsoNormal\" style=\"text-align: justify;\">\u00c8 di <strong>Stanislaw Aniolkowski<\/strong> la quarta tappa del <strong>Giro di Turchia 2026<\/strong>. Sul traguardo di <strong>Fethiye<\/strong>, sede d&#8217;arrivo di una frazione di 130 chilometri partita da Marmaris, il velocista polacco si \u00e8 imposto davanti a <strong>Riley Pickrell (Modern Adventure)<\/strong> e a <strong>Davide Persico (MBH Bank CSB Telecom Fort)<\/strong> festeggiando cos\u00ec la sesta vittoria della carriera, la prima dal 2023 a questa parte.\n            <\/p>\n<p class=\"MsoNormal\" style=\"text-align: justify;\"><b>LA CORSA <\/b><\/p>\n<p class=\"MsoNormal\" style=\"text-align: justify;\">Partito da Marmaris senza <b>Juan Guillermo Martinez (Picnic PostNL),<\/b> il gruppo vede subito allungare <b>Jonah Killy (Tartelletto-Isorex), Paul Wright (Modern Adventure)<\/b> e <b>Feritcan Samli (Spor Toto Cycling Team)<\/b> ma i tre dopo poco tornano subito nei ranghi. Si procede dunque senza sussulti ma, anche complice un vento a tratti favorevole, ad altissima andatura come dimostra il dato della prima ora superiore ai 50 km\/h. Dopo lo sprint \u201cTesori di Turchia\u201d vinto da <b>Mustafa Tarakci (Konya B\u00fcy\u00fck\u015fehir Belediye Spor)<\/b> si sganciano quindi il sempre attivo <b>Jonah Killy, Awet Aman (Istanbul), Mustafa Tekin e Feritcan \u015eamli (Spor Toto Cycling Team), Muhammed Erkan (Mu\u011fla B\u00fcy\u00fck\u015fehir Belediyesi Spor Kul\u00fcb\u00fc)<\/b> e il campione turco <b>Samet Bulut (Konya B\u00fcy\u00fck\u015fehir Belediye Spor)<\/b> che, in poco tempo, mettono oltre due minuti tra loro e il plotone. Ci\u00f2 gli consente di contendersi il secondo traguardo volante (vinto da \u015eamli) e, per questione di secondi, anche l\u2019unico GPM di giornata (1\u00b0 Tekin) appena dopo il quale il gruppo infatti, messo alla frusta in salita dagli uomini della <strong>Cofidis<\/strong>,\u00a0ricuce su di loro.<\/p>\n<p class=\"MsoNormal\" style=\"text-align: justify;\">Nonostante ci\u00f2, la situazione resta piuttosto animata perch\u00e9 sull&#8217;ultimo strappo a 20 km dall&#8217;arrivo l&#8217;attacco di un uomo Modern Adventure, seguito da <strong>Dario Igor Belletta (Polti VisitMalta),<\/strong> e il conseguente cambio di ritmo spezzano il plotone in due. In discesa per\u00f2 la ventina di uomini rimasti al comando e la restante parte del gruppo si ricompattano ed \u00e8 qui che <strong>Mario Aparicio (Burgos Burpellet BH)<\/strong> tenta un coraggioso contrattacco.<\/p>\n<p class=\"MsoNormal\" style=\"text-align: justify;\">La sua azione per\u00f2 non va a buon fine poich\u00e9, mettendosi a controllare la situazione in testa, i portacolori della <strong>TotalEnergies<\/strong> chiudono in fretta il buco riuscendo, in questa maniera, a placare definitivamente gli animi prima della pronosticata volata finale. Qui <strong>Persico<\/strong> approccia in testa le ultime decine di metri ma con la linea ormai in vista sia <strong>Pickrell<\/strong> che un ancor pi\u00f9 veloce <strong>Aniolkowski<\/strong> lo passano relegandolo al gradino pi\u00f9 basso del podio di giornata, il secondo in quattro giornate di gara fin qui disputate.<\/p>\n<p class=\"MsoNormal\" style=\"text-align: justify;\">Il polacco della Cofidis invece esulta per la prima volta dal 6 maggio 2023 quando, al <strong>Tour of Hellas<\/strong>, aveva fatto sua la quarta tappa: da allora il nativo di Varsavia ha ottenuto, nelle successive tre stagioni, 8 podi e 40 top ten senza per\u00e0 nessun primo posto, risultato questo arrivato oggi al termine di una tappa che ha visto i suoi compagni spendersi in lungo e in largo per metterlo nelle condizioni ideali per sfatare un tab\u00f9 che durava ormai da troppo tempo.<\/p>\n<p class=\"MsoNormal\" style=\"text-align: justify;\"><b>ORDINE D\u2019ARRIVO<\/b><\/p>\n<p class=\"MsoNormal\" style=\"text-align: justify;\">1. Stanislaw Aniolkowski (POL\/Cofidis) &#8211; 2:52:50<\/p>\n<p class=\"MsoNormal\" style=\"text-align: justify;\">2. Riley Pickrell (CAN\/Modern Adventure) &#8211; s.t.<\/p>\n<p class=\"MsoNormal\" style=\"text-align: justify;\">3. Davide Persico (ITA\/MBH Bank CSB Telecom-Fort) &#8211; s.t.<\/p>\n<p class=\"MsoNormal\" style=\"text-align: justify;\">4. Manuel Pe\u00f1alver (SPA\/Polti VisitMalta) &#8211; s.t.<\/p>\n<p class=\"MsoNormal\" style=\"text-align: justify;\">5. Marc Brustenga (SPA\/Equipo Kern Pharma) &#8211; s.t.<\/p>\n<p class=\"MsoNormal\" style=\"text-align: justify;\">6. Davide Ballerini (ITA\/XDS Astana) &#8211; s.t.<\/p>\n<p class=\"MsoNormal\" style=\"text-align: justify;\">7. Sente Sentjens (BEL\/Alpecin-Premier Tech) &#8211; s.t.<\/p>\n<p class=\"MsoNormal\" style=\"text-align: justify;\">8. Marco Manenti (ITA\/Bardiani CSF 7Saber) &#8211; s.t.<\/p>\n<p class=\"MsoNormal\" style=\"text-align: justify;\">9. C\u00e9sar Mac\u00edas (MES\/Burgos Burpellet BH) &#8211; s.t.<\/p>\n<p class=\"MsoNormal\" style=\"text-align: justify;\">10. Sergio Romeo (SPA\/Equipo Kern Pharma) &#8211; s.t.<\/p>\n<p class=\"MsoNormal\"><b>CLASSIFICA GENERALE<\/b><\/p>\n<p class=\"MsoNormal\">1. Iv\u00e1n Ramiro Sosa (COL\/Equipo Kern Pharma) &#8211; 10:39:44<\/p>\n<p class=\"MsoNormal\">2. Sebastian Berwick (AUS\/Caja Rural-Seguros RGA) a 0:13<\/p>\n<p class=\"MsoNormal\">3. Nicolas Breuillard (FRA\/TotalEnergies) a 0:21<\/p>\n<p class=\"MsoNormal\">4. Alessandro Fancellu (ITA\/MBH Bank CSB Telecom-Fort) a 0:36<\/p>\n<p class=\"MsoNormal\">5. Kamiel Bonneu (BEL\/Solution Tech NIPPO Rali) a 0:40<\/p>\n<p class=\"MsoNormal\">6. Nicolas Vinokurov (KAZ\/XDS Astana) a 0:50<\/p>\n<p class=\"MsoNormal\">7. Henok Mulubrhan (ERI\/XDS Astana) a 1:03<\/p>\n<p class=\"MsoNormal\">8. Matteo Scalco (ITA\/XDS Astana) a 1:03<\/p>\n<p class=\"MsoNormal\">9. Jordan Jegat (FRA\/TotalEnergies) a 1:05<\/p>\n<p class=\"MsoNormal\">10. Jos\u00e9 F\u00e9lix Parra (SPA\/Caja Rural-Seguros RGA) a 1:07<\/p>\n<p class=\"MsoNormal\"><b>ALTRE CLASSIFICHE<\/b><\/p>\n<p class=\"MsoNormal\">Classifica a punti: Tom Crabbe (BEL\/Flanders-Baloise)<\/p>\n<p class=\"MsoNormal\">Classifica dei Gran Premi della Montagna: Iv\u00e1n Ramiro Sosa (COL\/Equipo Kern Pharma)<\/p>\n<p class=\"MsoNormal\">Classifica a squadre: XDS Astana (KAZ)<\/p>\n","protected":false},"excerpt":{"rendered":"\u00c8 di Stanislaw Aniolkowski la quarta tappa del Giro di Turchia 2026. Sul traguardo di Fethiye, sede d&#8217;arrivo&hellip;\n","protected":false},"author":3,"featured_media":466493,"comment_status":"","ping_status":"","sticky":false,"template":"","format":"standard","meta":{"footnotes":"","_share_on_mastodon":"0"},"categories":[1456],"tags":[260260,1824,1825,257603,1537,90,89,34034,245,244,260259],"class_list":["post-466492","post","type-post","status-publish","format-standard","has-post-thumbnail","category-ciclismo","tag-aniolkowski","tag-ciclismo","tag-cycling","tag-giro-di-turchia","tag-it","tag-italia","tag-italy","tag-persico","tag-sport","tag-sports","tag-tour-turkiye"],"share_on_mastodon":{"url":"https:\/\/pubeurope.com\/@it\/116488608531157551","error":""},"_links":{"self":[{"href":"https:\/\/www.europesays.com\/it\/wp-json\/wp\/v2\/posts\/466492","targetHints":{"allow":["GET"]}}],"collection":[{"href":"https:\/\/www.europesays.com\/it\/wp-json\/wp\/v2\/posts"}],"about":[{"href":"https:\/\/www.europesays.com\/it\/wp-json\/wp\/v2\/types\/post"}],"author":[{"embeddable":true,"href":"https:\/\/www.europesays.com\/it\/wp-json\/wp\/v2\/users\/3"}],"replies":[{"embeddable":true,"href":"https:\/\/www.europesays.com\/it\/wp-json\/wp\/v2\/comments?post=466492"}],"version-history":[{"count":0,"href":"https:\/\/www.europesays.com\/it\/wp-json\/wp\/v2\/posts\/466492\/revisions"}],"wp:featuredmedia":[{"embeddable":true,"href":"https:\/\/www.europesays.com\/it\/wp-json\/wp\/v2\/media\/466493"}],"wp:attachment":[{"href":"https:\/\/www.europesays.com\/it\/wp-json\/wp\/v2\/media?parent=466492"}],"wp:term":[{"taxonomy":"category","embeddable":true,"href":"https:\/\/www.europesays.com\/it\/wp-json\/wp\/v2\/categories?post=466492"},{"taxonomy":"post_tag","embeddable":true,"href":"https:\/\/www.europesays.com\/it\/wp-json\/wp\/v2\/tags?post=466492"}],"curies":[{"name":"wp","href":"https:\/\/api.w.org\/{rel}","templated":true}]}}