{"id":466524,"date":"2026-04-29T15:30:16","date_gmt":"2026-04-29T15:30:16","guid":{"rendered":"https:\/\/www.europesays.com\/it\/466524\/"},"modified":"2026-04-29T15:30:16","modified_gmt":"2026-04-29T15:30:16","slug":"lomaggio-della-corsa-alla-nostra-regione","status":"publish","type":"post","link":"https:\/\/www.europesays.com\/it\/466524\/","title":{"rendered":"l&#8217;omaggio della corsa alla nostra regione"},"content":{"rendered":"<p>Il Giro d&#8217;Italia omaggia la nostra regione. Nell&#8217;anno del cinquantesimo anniversario del terremoto del Friuli, sulla maglia rosa della corsa ciclistica tra le pi\u00f9 amate al mondo campegger\u00e0 lo slogan di promozione turistica coniato anni fa dalla Regione. \u201cIo Sono Friuli Venezia Giulia\u201d sar\u00e0 presente infatti sulla maglia rosa, la maglia indossata da chi vince il Giro.\u00a0<\/p>\n<p>Le parole di Fedriga<\/p>\n<p>Per il governatore Massimiliano Fedriga si tratta di un evento \u201cstorico, sportivo e identitario\u201d. Un&#8217;azione fortemente voluta dalla struttura di promozione, che assieme al nuovo sport che circola alla televisione rappresenta una nuova accelerazione nel sistema di marketing e pubblicit\u00e0 dell&#8217;amministrazione regionale. \u201cLa corsa pi\u00f9 amata d\u2019Italia render\u00e0 omaggio alla nostra storia con una tappa iconica che partir\u00e0 da Gemona del Friuli &#8211; simbolo di rinascita, forza e comunit\u00e0\u201d scrive Fedriga sui propri canali social, rimarcando come il legame tra il Fvg e la corsa \u201cdura da anni ed \u00e8 fatto di tappe e salite leggendarie che hanno scritto la storia del ciclismo, come il monte Zoncolan e il monte Lussari\u201d. Un legame che, continua il governatore, \u201cquest&#8217;anno diventa simbolo\u201d.\u00a0<\/p>\n<p>Il giro d&#8217;affari della corsa<\/p>\n<p>Il Giro d&#8217;Italia viene trasmesso in circa 200 paesi e, sottolinea Fedriga, \u201cgenera un impatto economico complessivo stimato in circa due miliardi di euro sui territori coinvolti. Uno motore di attrazione turistica che nei mesi successivi alla corsa, poter\u00e0 milioni di persone a visitare i luoghi attraversati dal Giro\u201d.\u00a0<\/p>\n<p>  &#13;<br \/>\n&#13;<br \/>\n  &lt;!?php if ( SF_DOMAIN == &#8216;citynews-bruxellestoday&#8217; || SF_DOMAIN == &#8216;citynews-cagliaritoday&#8217; || SF_DOMAIN == &#8216;citynews-sassaritoday&#8217; || SF_DOMAIN == &#8216;citynews-tarantotoday&#8217; || SF_DOMAIN == &#8216;citynews-viterbotoday&#8217; || SF_DOMAIN == &#8216;citynews-ferraratoday&#8217; ): ?&gt;&#13;<br \/>\n    &#13;<br \/>\n  &lt;!?php endif; ?&gt;&#13;<br \/>\n  &#13;<br \/>\n&#13;<br \/>\n        &#13;<br \/>\n        &#13;<\/p>\n","protected":false},"excerpt":{"rendered":"Il Giro d&#8217;Italia omaggia la nostra regione. Nell&#8217;anno del cinquantesimo anniversario del terremoto del Friuli, sulla maglia rosa&hellip;\n","protected":false},"author":3,"featured_media":466525,"comment_status":"","ping_status":"","sticky":false,"template":"","format":"standard","meta":{"footnotes":"","_share_on_mastodon":"0"},"categories":[1456],"tags":[1824,1825,61992,3369,1537,90,89,2219,5569,245,244],"class_list":["post-466524","post","type-post","status-publish","format-standard","has-post-thumbnail","category-ciclismo","tag-ciclismo","tag-cycling","tag-fvg","tag-giro","tag-it","tag-italia","tag-italy","tag-maglia","tag-rosa","tag-sport","tag-sports"],"share_on_mastodon":{"url":"https:\/\/pubeurope.com\/@it\/116488714718857046","error":""},"_links":{"self":[{"href":"https:\/\/www.europesays.com\/it\/wp-json\/wp\/v2\/posts\/466524","targetHints":{"allow":["GET"]}}],"collection":[{"href":"https:\/\/www.europesays.com\/it\/wp-json\/wp\/v2\/posts"}],"about":[{"href":"https:\/\/www.europesays.com\/it\/wp-json\/wp\/v2\/types\/post"}],"author":[{"embeddable":true,"href":"https:\/\/www.europesays.com\/it\/wp-json\/wp\/v2\/users\/3"}],"replies":[{"embeddable":true,"href":"https:\/\/www.europesays.com\/it\/wp-json\/wp\/v2\/comments?post=466524"}],"version-history":[{"count":0,"href":"https:\/\/www.europesays.com\/it\/wp-json\/wp\/v2\/posts\/466524\/revisions"}],"wp:featuredmedia":[{"embeddable":true,"href":"https:\/\/www.europesays.com\/it\/wp-json\/wp\/v2\/media\/466525"}],"wp:attachment":[{"href":"https:\/\/www.europesays.com\/it\/wp-json\/wp\/v2\/media?parent=466524"}],"wp:term":[{"taxonomy":"category","embeddable":true,"href":"https:\/\/www.europesays.com\/it\/wp-json\/wp\/v2\/categories?post=466524"},{"taxonomy":"post_tag","embeddable":true,"href":"https:\/\/www.europesays.com\/it\/wp-json\/wp\/v2\/tags?post=466524"}],"curies":[{"name":"wp","href":"https:\/\/api.w.org\/{rel}","templated":true}]}}