{"id":466716,"date":"2026-04-29T18:09:18","date_gmt":"2026-04-29T18:09:18","guid":{"rendered":"https:\/\/www.europesays.com\/it\/466716\/"},"modified":"2026-04-29T18:09:18","modified_gmt":"2026-04-29T18:09:18","slug":"ufficiale-larrivo-di-emilia-weske-a-novara","status":"publish","type":"post","link":"https:\/\/www.europesays.com\/it\/466716\/","title":{"rendered":"ufficiale l&#8217;arrivo di Emilia Weske a Novara"},"content":{"rendered":"<p>Nuovo arrivo in casa Igor Volley per la stagione 2026-2027. Dopo l&#8217;esperienza a Trento e Bergamo, approda a Novara la tedesca Emilia Weske, che sar\u00e0 la seconda opposta del nuovo roster. L&#8217;atleta, colonna della propria nazionale, ha sottoscritto con il club azzurro un accordo annuale che prevede l&#8217;opzione per una seconda stagione.<\/p>\n<p>Il profilo della nuova azzurra<\/p>\n<p>Nata a M\u00fcnster nel 2001, Weske \u00e8 cresciuta agonisticamente nel settore giovanile del Potsdam. In Germania ha bruciato le tappe, esordendo nella massima serie tedesca, la Bundesliga, a soli 16 anni. Dopo il primo biennio tra le professioniste in patria, la giocatrice ha scelto di trasferirsi negli Stati Uniti per affrontare il campionato universitario Ncaa. Oltreoceano ha vestito le maglie della Southern California e, successivamente, della Rice University, consolidando il proprio bagaglio tecnico e fisico.<\/p>\n<p>&#8220;Emilia rappresenta un ottimo backup per Kaja Grobelna &#8211; ha spiegato il direttore generale della Igor Volley Enrico Marchioni &#8211; \u00e8 un&#8217;atleta giovane ma che vanta gi\u00e0 una buona esperienza internazionale, maturata in due anni nel nostro campionato e in tre stagioni estive con la propria nazionale. Crediamo che abbia un&#8217;occasione importante per crescere e compiere un salto di qualit\u00e0 e, in quest&#8217;ottica, di dare un contributo significativo al nostro nuovo progetto tecnico&#8221;.<\/p>\n<p>L&#8217;arrivo nel campionato italiano<\/p>\n<p>Il legame tra Weske e l&#8217;Italia inizia nel 2024, quando viene ingaggiata da Trento. Le prestazioni offerte in serie A1 le valgono la chiamata di Bergamo nel 2025. Parallelamente alla carriera nei club, la giocatrice ha seguito tutta la trafila delle selezioni giovanili della Germania, diventando dal 2023 un punto fermo della nazionale seniores.\u00a0<\/p>\n<p>&#8220;Non vedo l&#8217;ora di iniziare questo nuovo capitolo della mia carriera, con un club prestigioso e una squadra forte e ambiziosa &#8211; ha commentato Weske -. Mi aspetto una stagione bella ed emozionante, sono felice di ritrovare Lina Alsmeier che conosco fin dalle nazionali giovanili e che ho gi\u00e0 sfidato da avversaria. Ora sar\u00e0 bello condividere questa esperienza, cos\u00ec come non vedo l&#8217;ora di fare del Pala Igor la mia nuova casa. La scorsa stagione ho potuto vivere da avversaria una partita speciale, a Santo Stefano, in un palasport gremito e caloroso e sar\u00f2 davvero felice di poter rivivere questo genere di atmosfera da &#8216;padrona di casa&#8217; nel corso di questa stagione&#8221;.<\/p>\n<p style=\"text-align:center;\">Continua a leggere su<a href=\"https:\/\/www.novaratoday.it\/\" rel=\"nofollow noopener\" target=\"_blank\"> NovaraToday<\/a><br \/>Seguici anche su <a href=\"https:\/\/www.facebook.com\/NovaraToday\" rel=\"nofollow noopener\" target=\"_blank\">Facebook<\/a> e sul nostro <a href=\"https:\/\/whatsapp.com\/channel\/0029VaJT53w3GJOx508Djf12\" rel=\"nofollow noopener\" target=\"_blank\">canale WhatsApp<\/a><\/p>\n<p>  &#13;<br \/>\n&#13;<br \/>\n  &lt;!?php if ( SF_DOMAIN == &#8216;citynews-bruxellestoday&#8217; || SF_DOMAIN == &#8216;citynews-cagliaritoday&#8217; || SF_DOMAIN == &#8216;citynews-sassaritoday&#8217; || SF_DOMAIN == &#8216;citynews-tarantotoday&#8217; || SF_DOMAIN == &#8216;citynews-viterbotoday&#8217; || SF_DOMAIN == &#8216;citynews-ferraratoday&#8217; ): ?&gt;&#13;<br \/>\n    &#13;<br \/>\n  &lt;!?php endif; ?&gt;&#13;<br \/>\n  &#13;<br \/>\n&#13;<br \/>\n            &#13;<br \/>\n            &#13;<\/p>\n<p>         &#13;<br \/>\n  &#13;<br \/>\n    &#13;<br \/>\n      &#13;<br \/>\n    &#13;<br \/>\n    <strong>2<\/strong> minuti di lettura   &#13;<\/p>\n","protected":false},"excerpt":{"rendered":"Nuovo arrivo in casa Igor Volley per la stagione 2026-2027. Dopo l&#8217;esperienza a Trento e Bergamo, approda a&hellip;\n","protected":false},"author":3,"featured_media":466717,"comment_status":"","ping_status":"","sticky":false,"template":"","format":"standard","meta":{"footnotes":"","_share_on_mastodon":"0"},"categories":[1474],"tags":[245592,1537,90,89,256286,245,244,1869],"class_list":["post-466716","post","type-post","status-publish","format-standard","has-post-thumbnail","category-volley","tag-igor-volley","tag-it","tag-italia","tag-italy","tag-seria-a1","tag-sport","tag-sports","tag-volley"],"share_on_mastodon":{"url":"https:\/\/pubeurope.com\/@it\/116489339986481490","error":""},"_links":{"self":[{"href":"https:\/\/www.europesays.com\/it\/wp-json\/wp\/v2\/posts\/466716","targetHints":{"allow":["GET"]}}],"collection":[{"href":"https:\/\/www.europesays.com\/it\/wp-json\/wp\/v2\/posts"}],"about":[{"href":"https:\/\/www.europesays.com\/it\/wp-json\/wp\/v2\/types\/post"}],"author":[{"embeddable":true,"href":"https:\/\/www.europesays.com\/it\/wp-json\/wp\/v2\/users\/3"}],"replies":[{"embeddable":true,"href":"https:\/\/www.europesays.com\/it\/wp-json\/wp\/v2\/comments?post=466716"}],"version-history":[{"count":0,"href":"https:\/\/www.europesays.com\/it\/wp-json\/wp\/v2\/posts\/466716\/revisions"}],"wp:featuredmedia":[{"embeddable":true,"href":"https:\/\/www.europesays.com\/it\/wp-json\/wp\/v2\/media\/466717"}],"wp:attachment":[{"href":"https:\/\/www.europesays.com\/it\/wp-json\/wp\/v2\/media?parent=466716"}],"wp:term":[{"taxonomy":"category","embeddable":true,"href":"https:\/\/www.europesays.com\/it\/wp-json\/wp\/v2\/categories?post=466716"},{"taxonomy":"post_tag","embeddable":true,"href":"https:\/\/www.europesays.com\/it\/wp-json\/wp\/v2\/tags?post=466716"}],"curies":[{"name":"wp","href":"https:\/\/api.w.org\/{rel}","templated":true}]}}