{"id":466745,"date":"2026-04-29T18:28:14","date_gmt":"2026-04-29T18:28:14","guid":{"rendered":"https:\/\/www.europesays.com\/it\/466745\/"},"modified":"2026-04-29T18:28:14","modified_gmt":"2026-04-29T18:28:14","slug":"attacco-antisemita-a-londra-accoltellate-due-persone-starmer-riprovevole-lattentato-rivendicato-da-un-gruppo-filo-iraniano","status":"publish","type":"post","link":"https:\/\/www.europesays.com\/it\/466745\/","title":{"rendered":"Attacco antisemita a Londra: accoltellate due persone. Starmer: &#8220;Riprovevole&#8221;. L&#8217;attentato rivendicato da un gruppo filo-iraniano"},"content":{"rendered":"<p data-end=\"184\" data-start=\"0\">Due uomini appartenenti alla comunit\u00e0 ebraica ortodossa sono stati accoltellati nei pressi di<strong> una sinagoga a Golders Green<\/strong>, quartiere a nord di Londra. Secondo quanto riportato da fonti israeliane, tra cui il The Times of Israel, l\u2019aggressione \u00e8 avvenuta all\u2019esterno del luogo di culto, in una zona frequentata dalla comunit\u00e0 locale.<\/p>\n<p data-end=\"648\" data-start=\"389\">A intervenire per primi sono stati i volontari dello Shomrim, organizzazione di sicurezza attiva all\u2019interno della comunit\u00e0 ebraica, che sono riusciti a <strong>bloccare e trattenere il sospetto<\/strong> fino all\u2019arrivo delle forze dell\u2019ordine. Una volta sul posto, gli agenti \u2013 come riferisce la BBC \u2013 hanno utilizzato un taser per immobilizzare l\u2019uomo, procedendo quindi al suo arresto.<\/p>\n<p data-end=\"1028\" data-start=\"831\"><strong>Le due vittime sono state soccorse<\/strong> dall\u2019organizzazione sanitaria Hatzola, che ha prestato le prime cure sul posto prima del trasferimento per ulteriori accertamenti.<\/p>\n<p data-end=\"1257\" data-is-last-node=\"\" data-is-only-node=\"\" data-start=\"1030\">L\u2019episodio si inserisce in un contesto gi\u00e0<strong> segnato da tensioni recenti nella stessa area<\/strong>: nelle scorse settimane, infatti, alcune ambulanze della stessa Hatzola erano state incendiate nelle vicinanze del luogo dell\u2019aggressione.<\/p>\n<p>Starmer: &#8220;Attacco riprovevole&#8221;<\/p>\n<blockquote class=\"twitter-tweet\">\n<p dir=\"ltr\" lang=\"en\">The antisemitic attack in Golders Green is utterly appalling.<\/p>\n<p>Attacks on our Jewish community are attacks on Britain.<\/p>\n<p>Thank you to Shomrim, Hatzola and the police for acting swiftly. Those responsible will be brought to justice.<\/p>\n<p>\u2014 Keir Starmer (@Keir_Starmer) <a href=\"https:\/\/twitter.com\/Keir_Starmer\/status\/2049460049139900719?ref_src=twsrc%5Etfw\" data-datalayer-click-event-target=\"external\" target=\"_blank\" rel=\"noopener nofollow\">April 29, 2026<\/a><\/p><\/blockquote>\n<p>Il premier britannico Keir Starmer si \u00e8 detto <strong>&#8220;profondamente preoccupato<\/strong>&#8221; per quanto accaduto. &#8220;\u00c8 in corso un&#8217;indagine della polizia, e credo che dobbiamo fare tutto il possibile per sostenere l&#8217;indagine ed essere assolutamente chiari nella nostra determinazione ad affrontare questo tipo di reati, dopo che ne abbiamo visti troppi di recente&#8221;, ha aggiunto il primo ministro parlando a margine del Question Time alla Camera dei Comuni.<\/p>\n<p>Poi, su X ha aggiunto: &#8220;L&#8217;attacco antisemita a Golders Green \u00e8 assolutamente riprovevole. Gli attacchi alla nostra comunit\u00e0 ebraica sono attacchi alla Gran Bretagna&#8221;.<\/p>\n<p>Il racconto dei testimoni<\/p>\n<p>Il sospettato &#8220;<strong>non stava scappando<\/strong>&#8221; dopo l&#8217;aggressione e &#8220;stava semplicemente camminando l\u00ec con un coltello&#8221;. Lo riferisce all&#8217;agenzia di stampa PA media un testimone, Tariq Aziz, dipendente di una pizzeria, come riporta la Bbc. Aziz ha raccontato di aver <strong>soccorso una delle vittime, con ferite al collo<\/strong>: &#8220;\u00c8 venuto nel nostro negozio e io gli ho dato un fazzoletto e l&#8217;ho aiutato, poi \u00e8 arrivata improvvisamente la polizia e ha arrestato l&#8217;uomo&#8221;. Aziz ha aggiunto di ritenere che la vittima sia stata pugnalata due volte.<\/p>\n<p>La polizia: &#8220;L&#8217;aggressore ha precedenti per violenza e preoblemi mentali&#8221;<\/p>\n<p>Secondo quanto riportato dal capo della Metropolitan Police, Mark Rowley, e riferito dalla Bbc, l&#8217;uomo arrestato ha <strong>precedenti per gravi episodi di violenza e soffre di problemi di salute mentale<\/strong>.<\/p>\n<p>Israele: &#8220;Il Regno Unito deve agire con decisione e urgenza&#8221;<\/p>\n<p>Immediata la reazione israeliana. &#8220;Dopo gli attacchi alle sinagoghe, alle istituzioni ebraiche, alle ambulanze della comunit\u00e0 e ora agli ebrei presi di mira a Golders Green, il governo britannico non pu\u00f2 pi\u00f9 affermare che la situazione sia sotto controllo&#8221;, ha scritto in un post su X il ministero degli Esteri israeliano.<\/p>\n<p>&#8220;Le dichiarazioni del primo ministro Keir Starmer non possono sostituire la necessit\u00e0 di affrontare le radici dell\u2019antisemitismo che sta dilagando in tutto il Regno Unito&#8221;, aggiunge il ministero, &#8220;gli ebrei britannici non dovrebbero aver bisogno di pattuglie di sicurezza e di volontari di pronto intervento per poter vivere apertamente come ebrei. Basta con le parole. <strong>Il Regno Unito deve agire con decisione e urgenza<\/strong>&#8220;.<\/p>\n<p>Parole condivise da Netanyahu. &#8220;Chiediamo e ci aspettiamo azioni da parte del governo britannico per proteggere gli ebrei di Inghilterra ed assicurare gli antisemiti alla giustizia&#8221;, riporta una nota dell&#8217;ufficio del primo ministro israeliano. &#8220;La debolezza alimenta un attacco antisemita dopo l&#8217;altro a Londra. Le parole non bastano per affrontare questa piaga&#8221;, ha aggiunto l&#8217;ufficio di Netanyahu.<\/p>\n<p>L&#8217;attacco trattato come atto terroristico<\/p>\n<p>L&#8217;attacco viene trattato come un atto terroristico. Lo ha dichiarato in conferenza stampa Laurence Taylor, responsabile dell&#8217;unit\u00e0 antiterrorismo di Scotland Yard. La Met Police sta collaborando nelle indagini con i servizi di intelligence per avere &#8220;un quadro completo della situazione&#8221;, ha sottolineato Taylor. Si sta seguendo la pista &#8220;dell&#8217;attacco deliberato contro la comunit\u00e0 ebraica di Londra&#8221;, ha aggiunto, e quindi di un atto di matrice antisemita. \u00c8 inoltre emerso che i due uomini gravemente feriti nell&#8217;attentato hanno esattamente 76 e 34 anni, mentre l&#8217;aggressore \u00e8 un 45enne. Infine Taylor ha dichiarato che un gruppo &#8220;altamente specializzato&#8221; di agenti antiterrorismo sta collaborando con la polizia di Londra per &#8220;far avanzare rapidamente le indagini&#8221;.<\/p>\n<p>Il gruppo poco noto di Harakat Ashab al-Yamin (Hayi) possibilmente legato all&#8217;Iran, secondo la Bbc, ha rivendicato l&#8217;attacco con il coltello di Golders\n<\/p>\n<p>Green. Il &#8216;moviment\u00f2 aveva gi\u00e0 rivendicato in precedenza altri sei attacchi contro obiettivi ebraici nel Regno Unito. La rivendicazione, accompagnata da un video della scena dell&#8217;attacco, parla di un assalitore &#8220;solitario&#8221;.<\/p>\n<p>\t\t<script async src=\"https:\/\/platform.twitter.com\/widgets.js\" charset=\"utf-8\"><\/script><\/p>\n","protected":false},"excerpt":{"rendered":"Due uomini appartenenti alla comunit\u00e0 ebraica ortodossa sono stati accoltellati nei pressi di una sinagoga a Golders Green,&hellip;\n","protected":false},"author":3,"featured_media":466746,"comment_status":"","ping_status":"","sticky":false,"template":"","format":"standard","meta":{"footnotes":"","_share_on_mastodon":"0"},"categories":[160],"tags":[1460,14,164,165,5122,166,7,15,11,167,12,168,161,162,163],"class_list":["post-466745","post","type-post","status-publish","format-standard","has-post-thumbnail","category-mondo","tag-antisemitismo","tag-cronaca","tag-dal-mondo","tag-dalmondo","tag-londra","tag-mondo","tag-news","tag-notizie","tag-ultime-notizie","tag-ultime-notizie-di-mondo","tag-ultimenotizie","tag-ultimenotiziedimondo","tag-world","tag-world-news","tag-worldnews"],"share_on_mastodon":{"url":"https:\/\/pubeurope.com\/@it\/116489414684498245","error":""},"_links":{"self":[{"href":"https:\/\/www.europesays.com\/it\/wp-json\/wp\/v2\/posts\/466745","targetHints":{"allow":["GET"]}}],"collection":[{"href":"https:\/\/www.europesays.com\/it\/wp-json\/wp\/v2\/posts"}],"about":[{"href":"https:\/\/www.europesays.com\/it\/wp-json\/wp\/v2\/types\/post"}],"author":[{"embeddable":true,"href":"https:\/\/www.europesays.com\/it\/wp-json\/wp\/v2\/users\/3"}],"replies":[{"embeddable":true,"href":"https:\/\/www.europesays.com\/it\/wp-json\/wp\/v2\/comments?post=466745"}],"version-history":[{"count":0,"href":"https:\/\/www.europesays.com\/it\/wp-json\/wp\/v2\/posts\/466745\/revisions"}],"wp:featuredmedia":[{"embeddable":true,"href":"https:\/\/www.europesays.com\/it\/wp-json\/wp\/v2\/media\/466746"}],"wp:attachment":[{"href":"https:\/\/www.europesays.com\/it\/wp-json\/wp\/v2\/media?parent=466745"}],"wp:term":[{"taxonomy":"category","embeddable":true,"href":"https:\/\/www.europesays.com\/it\/wp-json\/wp\/v2\/categories?post=466745"},{"taxonomy":"post_tag","embeddable":true,"href":"https:\/\/www.europesays.com\/it\/wp-json\/wp\/v2\/tags?post=466745"}],"curies":[{"name":"wp","href":"https:\/\/api.w.org\/{rel}","templated":true}]}}