{"id":466811,"date":"2026-04-29T19:33:13","date_gmt":"2026-04-29T19:33:13","guid":{"rendered":"https:\/\/www.europesays.com\/it\/466811\/"},"modified":"2026-04-29T19:33:13","modified_gmt":"2026-04-29T19:33:13","slug":"giro-next-gen-le-squadre-da-questanno-dovranno-pagare-per-correre","status":"publish","type":"post","link":"https:\/\/www.europesays.com\/it\/466811\/","title":{"rendered":"GIRO NEXT GEN, LE SQUADRE DA QUEST&#8217;ANNO DOVRANNO PAGARE PER CORRERE"},"content":{"rendered":"<p>            <a class=\"category\" href=\"https:\/\/www.tuttobiciweb.it\/articles\/category\/DILETTANTI\" itemprop=\"about\" rel=\"nofollow noopener\" target=\"_blank\">DILETTANTI<\/a> | 29\/04\/2026 | 20:27<br \/>\n            <a class=\"author\" href=\"https:\/\/www.tuttobiciweb.it\/articles\/author\/Pier%20Augusto%20Stagi\" rel=\"nofollow noopener\" target=\"_blank\">di Pier Augusto Stagi<\/a><\/p>\n<p>E io pago, come avrebbe detto il principe della risalta Antonio De Curtis, in arte Tot\u00f2, anche se in questo caso c\u2019\u00e8 poco da ridere, ma molto da pagare.\n            <\/p>\n<p>Conti salati per correre il Giro d\u2019Italia Netx Gen, quello dei ragazzi. Un conto salato, una gabella di circa dieci mila euro da versare per la sola partecipazione: ognuno si paghi gli alberghi, oltre a vitto e alloggio. Il <strong>Giro Next Gen under 23<\/strong> di Rcs Sport &amp; Events in programma dal 14 al 21 giugno si allinea al Tour de l\u2019Avenir che fino all\u2019anno scorso ospitava gratuitamente le migliori 15 formazioni del ranking, ma da quest\u2019anno anche i cugini hanno deciso di varare la gabella di 10.620 \u20ac a squadra. La corsa italica ha scelto di percorrere la stessa strada, chiedendo un contributo di<strong> 10.260 \u20ac a formazione<\/strong>. Per le squadre \u201cDevo\u201d, chiaramente, nessun problema, visto che fanno parte di gruppi milionari, ma per le nostre piccole formazioni Continental questa \u00e8 una vera mazzata.\n            <\/p>\n<p>\u201cPaga per correre\u201d non \u00e8 pi\u00f9 solo un modo di dire, ma \u00e8 un modo di fare. Sdoganato ufficialmente il listino prezzi, con tanto di comunicazione ufficiale giunta in queste ore alle squadre, che oltre al caro energia e carburante, ora si trovano a dover affrontare \u201cun caro corse\u201d. Chiaro che il momento \u00e8 difficile per tutti, anche per gli organizzatori, ma \u00e8 altrettanto vero che il nostro movimento \u00e8 tenuto in vita artificialmente dalle macchine che assistono il malato. In questo caso non immaginario, ma cronico. E se decideranno di restarsene a casa, gli organizzatori probabilmente avranno ottenuto quello che in cuor loro volevano: al via solo le formazioni \u201cDevo\u201d di rango, quelle del World Tour, le tapine italiche che se ne stiano pure a casa, con le loro pezze al sedere. Un tempo si parlava di sport per tutti. Oggi a tutti si chiede di pagare, cos\u00ec, per sport.<\/p>\n<p>\n    <a href=\"https:\/\/www.tuttobiciweb.it\/article\/2026\/04\/29\/1777487380\/giro-next-gen-pay-to-race-pay-teams-tour-de-l-avenir?lang=en\" rel=\"nofollow noopener\" target=\"_blank\"><img decoding=\"async\" src=\"https:\/\/www.europesays.com\/it\/wp-content\/uploads\/2025\/12\/enver.png\"\/><\/a><\/p>\n<p>Copyright &amp;copy TBW<\/p>\n","protected":false},"excerpt":{"rendered":"DILETTANTI | 29\/04\/2026 | 20:27 di Pier Augusto Stagi E io pago, come avrebbe detto il principe della&hellip;\n","protected":false},"author":3,"featured_media":466812,"comment_status":"","ping_status":"","sticky":false,"template":"","format":"standard","meta":{"footnotes":"","_share_on_mastodon":"0"},"categories":[1456],"tags":[1824,1825,260374,1537,90,89,16411,260375,245,244,10976,34420],"class_list":["post-466811","post","type-post","status-publish","format-standard","has-post-thumbnail","category-ciclismo","tag-ciclismo","tag-cycling","tag-giro-next-gen","tag-it","tag-italia","tag-italy","tag-paga","tag-paga-per-correre","tag-sport","tag-sports","tag-squadre","tag-tour-de-lavenir"],"share_on_mastodon":{"url":"https:\/\/pubeurope.com\/@it\/116489670394262038","error":""},"_links":{"self":[{"href":"https:\/\/www.europesays.com\/it\/wp-json\/wp\/v2\/posts\/466811","targetHints":{"allow":["GET"]}}],"collection":[{"href":"https:\/\/www.europesays.com\/it\/wp-json\/wp\/v2\/posts"}],"about":[{"href":"https:\/\/www.europesays.com\/it\/wp-json\/wp\/v2\/types\/post"}],"author":[{"embeddable":true,"href":"https:\/\/www.europesays.com\/it\/wp-json\/wp\/v2\/users\/3"}],"replies":[{"embeddable":true,"href":"https:\/\/www.europesays.com\/it\/wp-json\/wp\/v2\/comments?post=466811"}],"version-history":[{"count":0,"href":"https:\/\/www.europesays.com\/it\/wp-json\/wp\/v2\/posts\/466811\/revisions"}],"wp:featuredmedia":[{"embeddable":true,"href":"https:\/\/www.europesays.com\/it\/wp-json\/wp\/v2\/media\/466812"}],"wp:attachment":[{"href":"https:\/\/www.europesays.com\/it\/wp-json\/wp\/v2\/media?parent=466811"}],"wp:term":[{"taxonomy":"category","embeddable":true,"href":"https:\/\/www.europesays.com\/it\/wp-json\/wp\/v2\/categories?post=466811"},{"taxonomy":"post_tag","embeddable":true,"href":"https:\/\/www.europesays.com\/it\/wp-json\/wp\/v2\/tags?post=466811"}],"curies":[{"name":"wp","href":"https:\/\/api.w.org\/{rel}","templated":true}]}}