{"id":466833,"date":"2026-04-29T19:49:17","date_gmt":"2026-04-29T19:49:17","guid":{"rendered":"https:\/\/www.europesays.com\/it\/466833\/"},"modified":"2026-04-29T19:49:17","modified_gmt":"2026-04-29T19:49:17","slug":"la-papamobile-negli-usa-viaggio-di-solidarieta-per-i-bimbi-vittime-di-guerra","status":"publish","type":"post","link":"https:\/\/www.europesays.com\/it\/466833\/","title":{"rendered":"La papamobile negli Usa: viaggio di solidariet\u00e0 per i bimbi vittime di guerra"},"content":{"rendered":"<p>Il Dicastero per il Servizio della Carit\u00e0 sostiene l\u2019iniziativa che verr\u00e0 realizzata dall\u2019organizzazione caritativa \u201cCross Catholic Outreach\u201d e destinata a sostenere i bambini colpiti dai conflitti. L\u2019auto del Papa viagger\u00e0 per gli Stati Uniti per porre l\u2019attenzione sulla realt\u00e0 delle vittime di guerra ma anche condividendo momenti di preghiera e riflessione. Dopo l&#8217;udienza generale, il saluto a Papa Leone da parte della presidente Sagarino<\/p>\n<p><b>Benedetta Capelli \u2013 Citt\u00e0 del Vaticano<\/b><\/p>\n<p>\u201cLa carit\u00e0, asse portante della vita cristiana, non deve restare nella teoria, ma deve realizzarsi nell&#8217;azione, diventare servizio\u201d. Le parole dell\u2019Elemosiniere, monsignor Luis Mar\u00edn de San Mart\u00edn, ben spiegano il senso di questa nuova iniziativa del Dicastero per il Servizio della Carit\u00e0 che opera da sempre su mandato del Papa.<\/p>\n<p>    <img decoding=\"async\" src=\"data:image\/gif;base64,R0lGODlhAQABAIAAAAAAAP\/\/\/yH5BAEAAAAALAAAAAABAAEAAAIBRAA7\" data-original=\"https:\/\/www.vaticannews.va\/content\/dam\/vaticannews\/multimedia\/2026\/aprile\/29\/IMG-20260428-WA0035.jpg\/_jcr_content\/renditions\/cq5dam.thumbnail.cropped.750.422.jpeg\" alt=\"Il Prefetto del Dicastero per il Servizio della Carit\u00e0 monsignor Luis Mar\u00edn de San Mart\u00edn e la presidente di Cross Catholic Outreach, Michele Sagarino\" title=\"Il Prefetto del Dicastero per il Servizio della Carit\u00e0 monsignor Luis Mar\u00edn de San Mart\u00edn e la presidente di Cross Catholic Outreach, Michele Sagarino\"\/><\/p>\n<p>\n   Il Prefetto del Dicastero per il Servizio della Carit\u00e0 monsignor Luis Mar\u00edn de San Mart\u00edn e la presidente di Cross Catholic Outreach, Michele Sagarino\n  <\/p>\n<p>Ieri, 28 aprile, lo stesso Prefetto ha consegnato nelle mani della presidente dell\u2019organizzazione caritativa statunitense \u201cCross Catholic Outreach\u201d, Michele Sagarino, le chiavi della papamobile. Proprio stamani, la presidente ha potuto salutare Papa Leone al termine dell\u2019udienza generale, descrivendo la realt\u00e0 dell\u2019organizzazione che in passato ha aiutato anche la diocesi di Chiclayo. Il passaggio ha segnato di fatto l\u2019inizio di \u201cAmerican Catholic Heroes: The Road Trip for Hope\u201d, un viaggio attraverso gli Stati Uniti, circa 3.700 miglia da New York alla California per sostenere i bambini e le persone vulnerabili che sulla loro pelle vivono le conseguenze delle guerre ma anche per creare delle occasioni di preghiera. La stessa organizzazione poi provveder\u00e0 ad organizzare, promuovere e gestire un\u2019importante asta di beneficenza negli Usa, il cui ricavato andr\u00e0 alle opere di carit\u00e0 del Dicastero.<\/p>\n<p><b>Solidariet\u00e0 ed evangelizzazione<\/b> <\/p>\n<p>L\u2019iniziativa della consegna della papamobile ha, secondo monsignor Luis Mar\u00edn de San Mart\u00edn, un valore sociale in termini di solidariet\u00e0 verso chi ha pi\u00f9 bisogno e serve anche a \u201crafforzare i legami con il Santo Padre e promuovere l&#8217;evangelizzazione\u201d. \u201cSono grato a Cross Catholic Outreach \u2013 afferma l\u2019Elemosiniere \u2013 che da tempo collabora con il Dicastero per il Servizio della Carit\u00e0, sostenendolo generosamente\u201d. L\u2019attivit\u00e0 di questa organizzazione caritativa, nata quasi 25 anni fa, si estende in varie parti del mondo intervenendo, solo nel 2024, in 32 Paesi tra questi Malawi, Zambia, Haiti, sostenendo 279 progetti, investendo in programmi per la salute, l\u2019agricoltura, fornendo cibo, acqua, educazione scolastica e soprattutto sostegno spirituale.<\/p>\n<p>    <img decoding=\"async\" src=\"data:image\/gif;base64,R0lGODlhAQABAIAAAAAAAP\/\/\/yH5BAEAAAAALAAAAAABAAEAAAIBRAA7\" data-original=\"https:\/\/www.vaticannews.va\/content\/dam\/vaticannews\/multimedia\/2026\/aprile\/29\/All.-5e.jpg\/_jcr_content\/renditions\/cq5dam.thumbnail.cropped.750.422.jpeg\" alt=\"La papamobile\" title=\"La papamobile\"\/><\/p>\n<p>\n   La papamobile\n  <\/p>\n<p><b>\u201cHopemobile\u201d<\/b> <\/p>\n<p>La papamobile, fanno sapere gli organizzatori dell\u2019iniziativa, diventer\u00e0 cos\u00ec sulle strade degli Stati Uniti una \u201cHopemobile\u201d, un\u2019auto della speranza, perch\u00e9 va incontro a chi soffre. L&#8217;iniziativa, che si svolger\u00e0 tra giugno e luglio 2026, \u00e8 in concomitanza con l\u2019importante anniversario dei 250 anni dalla firma della Dichiarazione d&#8217;Indipendenza degli Stati Uniti sottoscritta nel 1776. Toccher\u00e0 13 citt\u00e0 come New York e Washington, soster\u00e0 in luoghi come Notre Dame e St. Louis, spingendosi fino al sud-ovest e alla California.<\/p>\n<p>L\u2019operazione \u00e8 stata voluta ed autorizzata in passato da Papa Francesco per destinare il ricavato ai poveri ma in modo particolare ai bambini vittime di guerre in tutto il mondo. \u201cLa santit\u00e0 cristiana \u2013 ha scritto Papa Leone nella Dilexi te, Esortazione Apostica sull\u2019amore verso i poveri &#8211; spesso fiorisce nei luoghi pi\u00f9 dimenticati e feriti dell\u2019umanit\u00e0. I pi\u00f9 poveri tra i poveri occupano un posto speciale nel cuore di Dio. Sono i prediletti del Vangelo, gli eredi del Regno. \u00c8 in loro che Cristo continua a soffrire e a risorgere. \u00c8 in loro che la Chiesa ritrova la chiamata a mostrare la sua realt\u00e0 pi\u00f9 autentica\u201d. \u00c8 il mandato che il Dicastero per il Servizio alla Carit\u00e0 porta avanti sempre con grande dedizione.<\/p>\n","protected":false},"excerpt":{"rendered":"Il Dicastero per il Servizio della Carit\u00e0 sostiene l\u2019iniziativa che verr\u00e0 realizzata dall\u2019organizzazione caritativa \u201cCross Catholic Outreach\u201d e&hellip;\n","protected":false},"author":3,"featured_media":466834,"comment_status":"","ping_status":"","sticky":false,"template":"","format":"standard","meta":{"footnotes":"","_share_on_mastodon":"0"},"categories":[160],"tags":[788,14,164,165,146759,77,166,7,15,33124,5907,11,167,12,168,1329,161,162,163],"class_list":["post-466833","post","type-post","status-publish","format-standard","has-post-thumbnail","category-mondo","tag-bambini","tag-cronaca","tag-dal-mondo","tag-dalmondo","tag-elemosineria-apostolica","tag-guerra","tag-mondo","tag-news","tag-notizie","tag-poverta","tag-solidarieta","tag-ultime-notizie","tag-ultime-notizie-di-mondo","tag-ultimenotizie","tag-ultimenotiziedimondo","tag-vaticano","tag-world","tag-world-news","tag-worldnews"],"share_on_mastodon":{"url":"https:\/\/pubeurope.com\/@it\/116489733224233956","error":""},"_links":{"self":[{"href":"https:\/\/www.europesays.com\/it\/wp-json\/wp\/v2\/posts\/466833","targetHints":{"allow":["GET"]}}],"collection":[{"href":"https:\/\/www.europesays.com\/it\/wp-json\/wp\/v2\/posts"}],"about":[{"href":"https:\/\/www.europesays.com\/it\/wp-json\/wp\/v2\/types\/post"}],"author":[{"embeddable":true,"href":"https:\/\/www.europesays.com\/it\/wp-json\/wp\/v2\/users\/3"}],"replies":[{"embeddable":true,"href":"https:\/\/www.europesays.com\/it\/wp-json\/wp\/v2\/comments?post=466833"}],"version-history":[{"count":0,"href":"https:\/\/www.europesays.com\/it\/wp-json\/wp\/v2\/posts\/466833\/revisions"}],"wp:featuredmedia":[{"embeddable":true,"href":"https:\/\/www.europesays.com\/it\/wp-json\/wp\/v2\/media\/466834"}],"wp:attachment":[{"href":"https:\/\/www.europesays.com\/it\/wp-json\/wp\/v2\/media?parent=466833"}],"wp:term":[{"taxonomy":"category","embeddable":true,"href":"https:\/\/www.europesays.com\/it\/wp-json\/wp\/v2\/categories?post=466833"},{"taxonomy":"post_tag","embeddable":true,"href":"https:\/\/www.europesays.com\/it\/wp-json\/wp\/v2\/tags?post=466833"}],"curies":[{"name":"wp","href":"https:\/\/api.w.org\/{rel}","templated":true}]}}