{"id":467680,"date":"2026-04-30T09:34:23","date_gmt":"2026-04-30T09:34:23","guid":{"rendered":"https:\/\/www.europesays.com\/it\/467680\/"},"modified":"2026-04-30T09:34:23","modified_gmt":"2026-04-30T09:34:23","slug":"basket-mestre-il-futuro-allinsegna-della-continuita","status":"publish","type":"post","link":"https:\/\/www.europesays.com\/it\/467680\/","title":{"rendered":"Basket Mestre, il futuro all\u2019insegna della continuit\u00e0"},"content":{"rendered":"<p>Mentre si sta ancora festeggiando una salvezza che ha il sapore di un personalissimo scudetto, il <strong>Basket Mestre<\/strong> \u00e8 al lavoro per affrontare nel migliore dei modi la stagione 2026\/27 in Serie A2 Old Wild West.<\/p>\n<p>La squadra di <strong>Mattia Ferrari<\/strong> ormai non \u00e8 pi\u00f9 una sorpresa, anche e soprattutto grazie a una societ\u00e0 e a un consorzio che hanno saputo affrontare con tempestivit\u00e0 e determinazione le molteplici difficolt\u00e0 accadute durante l\u2019anno agonistico appena terminato.<\/p>\n<p>La naturale evoluzione di un percorso che in poco meno di un anno ha riportato Mestre ai vertici del basket nazionale, \u00e8 proseguire nel rafforzamento della struttura societaria all\u2019insegna della continuit\u00e0.<\/p>\n<p>Luned\u00ec 4 maggio, quindi, \u00e8 prevista una riunione del CdA per tracciare la strada del futuro, forte della compattezza, coesione e solidit\u00e0 dei suoi membri, ancora una volta insieme per l\u2019obiettivo comune: la permanenza in Serie A2.<\/p>\n<p>Il CdA di luned\u00ec 4 maggio prender\u00e0 in considerazione la scelta di <strong>Guglielmo Feliziani<\/strong> \u2013 peraltro gi\u00e0 annunciata a inizio campionato 2025\/26 \u2013 di passare il testimone della presidenza per dedicarsi con maggiore energia al suo ruolo imprenditoriale, restando comunque parte estremamente attiva del progetto e del Consiglio di Amministrazione del Basket Mestre 1958 nonch\u00e9 del Consorzio Progetto Mestre di cui \u00e8 \u2013 fin dalla sua costituzione \u2013 membro del CdA.<\/p>\n<p>Nulla \u00e8 ancora deciso. Qualora Guglielmo Feliziani decidesse di passare il testimone, la scelta cadr\u00e0 sicuramente su uno degli attuali membri del CdA proprio alla luce della totale sinergia d\u2019intenti che, da sempre, contraddistingue il club biancorosso.<\/p>\n<p>Ufficio Stampa Basket Mestre\t<\/p>\n","protected":false},"excerpt":{"rendered":"Mentre si sta ancora festeggiando una salvezza che ha il sapore di un personalissimo scudetto, il Basket Mestre&hellip;\n","protected":false},"author":3,"featured_media":467681,"comment_status":"","ping_status":"","sticky":false,"template":"","format":"standard","meta":{"footnotes":"","_share_on_mastodon":"0"},"categories":[1453],"tags":[80011,1756,126523,1757,1537,90,89,245,244],"class_list":["post-467680","post","type-post","status-publish","format-standard","has-post-thumbnail","category-basket","tag-a2-maschile","tag-basket","tag-basket-mestre","tag-basketball","tag-it","tag-italia","tag-italy","tag-sport","tag-sports"],"share_on_mastodon":{"url":"https:\/\/pubeurope.com\/@it\/116492977285129838","error":""},"_links":{"self":[{"href":"https:\/\/www.europesays.com\/it\/wp-json\/wp\/v2\/posts\/467680","targetHints":{"allow":["GET"]}}],"collection":[{"href":"https:\/\/www.europesays.com\/it\/wp-json\/wp\/v2\/posts"}],"about":[{"href":"https:\/\/www.europesays.com\/it\/wp-json\/wp\/v2\/types\/post"}],"author":[{"embeddable":true,"href":"https:\/\/www.europesays.com\/it\/wp-json\/wp\/v2\/users\/3"}],"replies":[{"embeddable":true,"href":"https:\/\/www.europesays.com\/it\/wp-json\/wp\/v2\/comments?post=467680"}],"version-history":[{"count":0,"href":"https:\/\/www.europesays.com\/it\/wp-json\/wp\/v2\/posts\/467680\/revisions"}],"wp:featuredmedia":[{"embeddable":true,"href":"https:\/\/www.europesays.com\/it\/wp-json\/wp\/v2\/media\/467681"}],"wp:attachment":[{"href":"https:\/\/www.europesays.com\/it\/wp-json\/wp\/v2\/media?parent=467680"}],"wp:term":[{"taxonomy":"category","embeddable":true,"href":"https:\/\/www.europesays.com\/it\/wp-json\/wp\/v2\/categories?post=467680"},{"taxonomy":"post_tag","embeddable":true,"href":"https:\/\/www.europesays.com\/it\/wp-json\/wp\/v2\/tags?post=467680"}],"curies":[{"name":"wp","href":"https:\/\/api.w.org\/{rel}","templated":true}]}}