{"id":467758,"date":"2026-04-30T10:38:25","date_gmt":"2026-04-30T10:38:25","guid":{"rendered":"https:\/\/www.europesays.com\/it\/467758\/"},"modified":"2026-04-30T10:38:25","modified_gmt":"2026-04-30T10:38:25","slug":"sinner-e-jodar-a-madrid-il-commento-di-bertolucci-sulla-gazzetta","status":"publish","type":"post","link":"https:\/\/www.europesays.com\/it\/467758\/","title":{"rendered":"Sinner e Jodar a Madrid, il commento di Bertolucci sulla Gazzetta"},"content":{"rendered":"<p>                        L&#8217;ex azzurro: &#8220;Jannik, da campione qual \u00e8 diventato, ha imparato a vincere anche quando non \u00e8 al massimo. Ma in questi tornei ai quarti ci arriva con la pipa in bocca, stavolta ha faticato pi\u00f9 del solito. E il suo avversario, 19 anni, ha fatto vedere di essere sulla strada giusta&#8221;<\/p>\n<p class=\"has-first-letter\">Jannik Sinner \u00e8 in semifinale a Madrid, completando cos\u00ec la collezione delle semifinali in ogni torneo \u201c1000\u201d. Eppure quella di ieri per lunghi tratti non \u00e8 stata la miglior versione del numero 1 al mondo. Qualche risposta sbagliata di troppo, tanti dritti non sempre pulitissimi e un servizio a volte ballerino, lontano dagli standard a cui ci ha abituato. Sar\u00e0 che la terra della Caja Magica non \u00e8 mai stata troppo nelle sue corde. Eppure, come sempre, Jannik Sinner \u00e8 riuscito a portare la partita dalla sua parte anche contro un rivale complicato come Rafa Jodar, che in passato non aveva mai affrontato e che, addirittura, era\u00a0andato a studiare di persona nei giorni scorsi.\u00a0C\u2019era tanta attesa per questa partita che, anche se tra i due contendenti corrono soltanto cinque anni, sapeva un po\u2019 di sfida generazionale. Una partita che in alcuni momenti poteva sembrare aperta ma che come sempre, quando c\u2019\u00e8 di mezzo Jannik, \u00e8 stata decisa dal pi\u00f9 forte, il pi\u00f9 esperto.<\/p>\n","protected":false},"excerpt":{"rendered":"L&#8217;ex azzurro: &#8220;Jannik, da campione qual \u00e8 diventato, ha imparato a vincere anche quando non \u00e8 al massimo.&hellip;\n","protected":false},"author":3,"featured_media":467759,"comment_status":"","ping_status":"","sticky":false,"template":"","format":"standard","meta":{"footnotes":"","_share_on_mastodon":"0"},"categories":[176],"tags":[1998,260775,260776,57752,2537,2478,260770,260771,21490,1953,564,1374,1537,90,89,1269,1717,156117,1914,6110,1285,1894,2197,4003,8040,3171,1290,260772,260773,1292,4426,1918,366,245,244,1926,260774,3726,21342,1928,1995,6663,2959,5489],"class_list":["post-467758","post","type-post","status-publish","format-standard","has-post-thumbnail","category-sport","tag-abituato","tag-abituato-terra","tag-abituato-terra-caja","tag-accelerazioni","tag-altra","tag-arriva","tag-arriva-pipa","tag-arriva-pipa-bocca","tag-bocca","tag-campione","tag-giocatore","tag-giusta","tag-it","tag-italia","tag-italy","tag-jannik","tag-jannik-sinner","tag-jodar","tag-li","tag-livello","tag-massimo","tag-match","tag-miglior","tag-momenti","tag-occhio","tag-palla","tag-partita","tag-pipa","tag-pipa-bocca","tag-punti","tag-quarti","tag-quei","tag-sinner","tag-sport","tag-sports","tag-stanco","tag-stanco-testa","tag-strada","tag-strada-giusta","tag-testa","tag-tornei","tag-torneo","tag-vedere","tag-vero"],"share_on_mastodon":{"url":"https:\/\/pubeurope.com\/@it\/116493228802603636","error":""},"_links":{"self":[{"href":"https:\/\/www.europesays.com\/it\/wp-json\/wp\/v2\/posts\/467758","targetHints":{"allow":["GET"]}}],"collection":[{"href":"https:\/\/www.europesays.com\/it\/wp-json\/wp\/v2\/posts"}],"about":[{"href":"https:\/\/www.europesays.com\/it\/wp-json\/wp\/v2\/types\/post"}],"author":[{"embeddable":true,"href":"https:\/\/www.europesays.com\/it\/wp-json\/wp\/v2\/users\/3"}],"replies":[{"embeddable":true,"href":"https:\/\/www.europesays.com\/it\/wp-json\/wp\/v2\/comments?post=467758"}],"version-history":[{"count":0,"href":"https:\/\/www.europesays.com\/it\/wp-json\/wp\/v2\/posts\/467758\/revisions"}],"wp:featuredmedia":[{"embeddable":true,"href":"https:\/\/www.europesays.com\/it\/wp-json\/wp\/v2\/media\/467759"}],"wp:attachment":[{"href":"https:\/\/www.europesays.com\/it\/wp-json\/wp\/v2\/media?parent=467758"}],"wp:term":[{"taxonomy":"category","embeddable":true,"href":"https:\/\/www.europesays.com\/it\/wp-json\/wp\/v2\/categories?post=467758"},{"taxonomy":"post_tag","embeddable":true,"href":"https:\/\/www.europesays.com\/it\/wp-json\/wp\/v2\/tags?post=467758"}],"curies":[{"name":"wp","href":"https:\/\/api.w.org\/{rel}","templated":true}]}}