{"id":467921,"date":"2026-04-30T12:55:28","date_gmt":"2026-04-30T12:55:28","guid":{"rendered":"https:\/\/www.europesays.com\/it\/467921\/"},"modified":"2026-04-30T12:55:28","modified_gmt":"2026-04-30T12:55:28","slug":"rivenduto-a-oltre-100-euro","status":"publish","type":"post","link":"https:\/\/www.europesays.com\/it\/467921\/","title":{"rendered":"rivenduto a oltre 100 euro"},"content":{"rendered":"<p>Mercoled\u00ec <strong>29 aprile<\/strong> \u00e8 ufficialmente partita la stagione de Il Diavolo veste Prada 2, sequel del cult sul mondo dell&#8217;editoria della moda del 2006 <strong>con Anne Hathaway e Meryl Streep<\/strong>, presentato in anteprima in molti paesi inclusa l&#8217;Italia con le proiezioni per la stampa e non solo targate Disney e 20th Century Studios.<br \/>I fan del film e il pubblico che abitualmente frequenta le sale sa che, da tempo, all&#8217;uscita dei titoli pi\u00f9 importanti della stagione sono collegati<strong> lanci di gadget<\/strong>, parte delle strategie promozionali di <strong>alcuni cinema<\/strong>, specie quelli che fanno parte di catene di multinazionali.<br \/>La febbre per il <strong>porta popcorn a forma di borsa<\/strong> pensato per Il Diavolo veste Prada 2, iniziata ben prima dell&#8217;uscita del film, \u00e8 letteralmente<strong> esplosa nel primo giorno di programmazione<\/strong> del titolo.\u00a0<br \/>Il gadget, che in Italia \u00e8 stato proposto al pubblico a<strong> 79 euro e 90 centesimi<\/strong>, ha gi\u00e0 raggiunto <strong>cifre molto superiori <\/strong>sulle piattaforme online di <strong>vendita di second hand<\/strong>.<\/p>\n<p>\t\t \tUn gadget per veri fan e collezionisti<\/p>\n<p>L&#8217;uscita di un nuovo film, specie di un blockbuster, riunisce ormai sia gli appassionati di cinema che i collezionisti, che si danno appuntamento ai punti di ristoro dei grandi cinema per l&#8217;acquisto dei gadget legati ai film, <strong>bucket di latta<\/strong> porta popcorn con le stampe del titolo in questione o<strong> bicchieri per le bevande<\/strong> con la cannuccia\u00a0 dalla foggia fantasiosa, ispirata ai personaggi della storia.\u00a0<br \/>\u00c8 successo per tutti i grandi film recenti, da Il Gladiatore II a Mufasa &#8211; Il Re Leone, a Mission Impossible e Wicked.\u00a0<br \/>I <strong>collezionisti di cimeli cinematografici <\/strong>non vanno pi\u00f9 a caccia (solo) di poster e locandine. Adesso gli oggetti del desiderio sono quelli reperibili a lato della biglietteria.\u00a0<br \/>Una volta finiti i popcorn, la borsa rossa coi manici de Il Diavolo veste Prada 2 <strong>pu\u00f2 diventare un contenitore portatutto<\/strong>, come provano i<strong> numerosi video<\/strong> comparsi sui social nelle ultime ore.\u00a0<br \/>C\u00e8 chi l&#8217;ha usata come contenitore di oggetti femminili, dalle creme al make-up, e chi invece ci ha messo dei fiori.\u00a0<br \/>Altri, hanno ben pensato di rivenderla immediatamente perch\u00e9<strong> \u00e8 gi\u00e0 un oggetto raro<\/strong>.<br \/>Nonostante il prezzo, i veri fan del film l&#8217;hanno fatta esaurire in diversi cinema. Chi la vuole a tutti i costi, dovr\u00e0 cercarla online, dove per\u00f2 \u00e8 rivenduta a prezzi pi\u00f9 elevati.<strong><br \/>Dai 90 a i 100 euro<\/strong>, cifre che &#8211; c&#8217;\u00e8 da scommettere &#8211; <strong>sono destinate a crescere<\/strong> col passare dei giorni.\u00a0\u00a0<\/p>\n<p>\t\t\t<a class=\"c-inline-card j-inline-card \" href=\"https:\/\/tg24.sky.it\/spettacolo\/cinema\/2026\/04\/30\/il-diavolo-veste-prada-2-recensione\" rel=\"follow nofollow noopener\" data-intcmp-qp=\"skytg24_articolo_approfondimenti_inline\" target=\"_blank\"><\/p>\n<p>\n\t\t\t         Leggi anche<br \/>\n\t\t\t         Il diavolo veste Prada 2, Miranda e la moda che cambia. La recensione\n\t\t\t      <\/p>\n<p>\t\t\t<\/a><\/p>\n<p>\t\t \tUn oggetto virale per un film di successo\u00a0<\/p>\n<p>Non c&#8217;erano dubbi che la borsa rossa porta popcorn de Il Diavolo veste Prada 2 sarebbe diventata un successo, un <strong>oggetto virale<\/strong> che oggi viene esibito da chi lo possiede come un tesoro.\u00a0<br \/>Tra chi non ci pensa affatto di separarsene e chi, invece, intende rivenderla al migliore offerente (basta fare un giro<strong> tra eBay e Vinted<\/strong> per capire la portata del fenomeno che interessa anche<strong> tote bag<\/strong>, <strong>segnalibri<\/strong>,<strong> portachiavi e t-shirt<\/strong> omaggiate al pubblico delle premi\u00e8re e presto rivendute), c&#8217;\u00e8 tutta quella parte di fan che in questi primi giorni di uscita del film nelle sale sta cercando il gadget nei vari cinema della propria citt\u00e0.\u00a0<br \/>Il Diavolo veste Prada 2 \u00e8 un progetto nato per diventare un<strong> sicuro successo commerciale<\/strong>. <strong>In Italia<\/strong>, mentre scriviamo<strong>, \u00e8 gi\u00e0 il film numero uno al box office<\/strong> a un solo giorno dal debutto.\u00a0<br \/>Negli States l&#8217;avventura della pellicola di David Frankel ancora deve inziare perch\u00e9 entrer\u00e0 in programmazione ufficialmente il 1\u00b0 maggio ma i dati delle prevendite dei ticket sono gi\u00e0 pi\u00f9 che buoni.\u00a0<\/p>\n<p>\t\t\t<a class=\"c-inline-card j-inline-card \" href=\"https:\/\/tg24.sky.it\/spettacolo\/cinema\/2024\/02\/26\/gadget-dune-popcorn\" rel=\"follow nofollow noopener\" data-intcmp-qp=\"skytg24_articolo_approfondimenti_inline\" target=\"_blank\"><\/p>\n<p>\n\t\t\t         Vedi anche<br \/>\n\t\t\t         Il secchiello per i popcorn di Dune e altri oggetti ispirati al film\n\t\t\t      <\/p>\n<p>\t\t\t<\/a><\/p>\n","protected":false},"excerpt":{"rendered":"Mercoled\u00ec 29 aprile \u00e8 ufficialmente partita la stagione de Il Diavolo veste Prada 2, sequel del cult sul&hellip;\n","protected":false},"author":3,"featured_media":467922,"comment_status":"","ping_status":"","sticky":false,"template":"","format":"standard","meta":{"footnotes":"","_share_on_mastodon":"0"},"categories":[1442],"tags":[640,203,454,39922,1676,204,1537,90,89,1521],"class_list":["post-467921","post","type-post","status-publish","format-standard","has-post-thumbnail","category-film","tag-cinema","tag-entertainment","tag-film","tag-gadget","tag-il-diavolo-veste-prada","tag-intrattenimento","tag-it","tag-italia","tag-italy","tag-movies"],"share_on_mastodon":{"url":"https:\/\/pubeurope.com\/@it\/116493767646526333","error":""},"_links":{"self":[{"href":"https:\/\/www.europesays.com\/it\/wp-json\/wp\/v2\/posts\/467921","targetHints":{"allow":["GET"]}}],"collection":[{"href":"https:\/\/www.europesays.com\/it\/wp-json\/wp\/v2\/posts"}],"about":[{"href":"https:\/\/www.europesays.com\/it\/wp-json\/wp\/v2\/types\/post"}],"author":[{"embeddable":true,"href":"https:\/\/www.europesays.com\/it\/wp-json\/wp\/v2\/users\/3"}],"replies":[{"embeddable":true,"href":"https:\/\/www.europesays.com\/it\/wp-json\/wp\/v2\/comments?post=467921"}],"version-history":[{"count":0,"href":"https:\/\/www.europesays.com\/it\/wp-json\/wp\/v2\/posts\/467921\/revisions"}],"wp:featuredmedia":[{"embeddable":true,"href":"https:\/\/www.europesays.com\/it\/wp-json\/wp\/v2\/media\/467922"}],"wp:attachment":[{"href":"https:\/\/www.europesays.com\/it\/wp-json\/wp\/v2\/media?parent=467921"}],"wp:term":[{"taxonomy":"category","embeddable":true,"href":"https:\/\/www.europesays.com\/it\/wp-json\/wp\/v2\/categories?post=467921"},{"taxonomy":"post_tag","embeddable":true,"href":"https:\/\/www.europesays.com\/it\/wp-json\/wp\/v2\/tags?post=467921"}],"curies":[{"name":"wp","href":"https:\/\/api.w.org\/{rel}","templated":true}]}}