{"id":467944,"date":"2026-04-30T13:15:19","date_gmt":"2026-04-30T13:15:19","guid":{"rendered":"https:\/\/www.europesays.com\/it\/467944\/"},"modified":"2026-04-30T13:15:19","modified_gmt":"2026-04-30T13:15:19","slug":"coach-brotto-chiama-a-raccolta-il-pubblico-per-unultima-emozionante-gara-al-palaradi","status":"publish","type":"post","link":"https:\/\/www.europesays.com\/it\/467944\/","title":{"rendered":"Coach Brotto chiama a raccolta il pubblico per un&#8217;ultima emozionante gara al PalaRadi"},"content":{"rendered":"<p>Tutti gli aspetti tecnici e di classifica <strong>passano in secondo piano<\/strong>: la sfida <strong>contro<\/strong> <strong>Venezia<\/strong> per la <strong>Vanoli Cremona<\/strong>, in programma domenica alle 17:00 al <strong>PalaRadi,<\/strong>\u00a0non \u00e8 soltanto<strong> l\u2019ultima gara casalinga della stagione<\/strong>, ma ha il <strong>sapore di un congedo<\/strong>. L\u2019ufficialit\u00e0 arriver\u00e0 verosimilmente pi\u00f9 avanti, ma tra le righe delle parole di <strong>coach Brotto<\/strong> si avverte gi\u00e0 tutta la <strong>nostalgia di un capitolo che si avvia alla conclusione<\/strong>: \u201cLa storia della nostra stagione \u00e8 quella di aver voluto <strong>regalare emozioni<\/strong> alla citt\u00e0, al pubblico e a noi stessi.<\/p>\n<p>Penso che domenica dovr\u00e0 esserci <strong>questo spirito,<\/strong> che noi proveremo a mettere in campo. Queste due cose insieme ci spingeranno a fare la migliore partita possibile. In questo senso <strong>vorrei richiamare il pubblico di Cremona, <\/strong>la citt\u00e0 di Cremona,<strong> a venire a sostenere la squadra<\/strong>.<\/p>\n<p>Spero che la citt\u00e0 risponda in maniera importante a questa <strong>voglia di festeggiare la stagione<\/strong>, ai risultati che abbiamo ottenuto e al fatto di <strong>dimostrare ancora di pi\u00f9 l\u2019attaccamento<\/strong> alla squadra e alla societ\u00e0\u201d.<\/p>\n<p><strong>Venezia \u00e8 la quarta forza del campionato<\/strong>, una squadra sicuramente forte che per\u00f2 non spaventa i biancobl\u00f9: \u201cHanno un <strong>roster profondissimo, un gioco equilibrato<\/strong> e una fisicit\u00e0 importante. Noi, sapendo questo, abbiamo un\u2019identit\u00e0 forte: vogliamo giocare con le nostre caratteristiche, fatte di gioco veloce in attacco proprio per <strong>evitare la loro fisicit\u00e0<\/strong>\u201d.<\/p>\n<p>Nel frattempo, <strong>coach Brotto \u00e8 tra i candidati per il titolo di miglior allenatore dell\u2019anno<\/strong> della Serie A, una notizia che lo riempie di orgoglio: \u201cSicuramente \u00e8 una <strong>soddisfazione straordinaria<\/strong>. Penso che, senza retorica, questa vada condivisa con chi mi ha aiutato quest\u2019anno, a partire dallo staff che mi era pi\u00f9 vicino e dai giocatori: senza il loro lavoro sicuramente non sarebbe arrivata questa nomina\u201d.<\/p>\n<p>\n                \u00a9 Riproduzione riservata\n              <\/p>\n","protected":false},"excerpt":{"rendered":"Tutti gli aspetti tecnici e di classifica passano in secondo piano: la sfida contro Venezia per la Vanoli&hellip;\n","protected":false},"author":3,"featured_media":467945,"comment_status":"","ping_status":"","sticky":false,"template":"","format":"standard","meta":{"footnotes":"","_share_on_mastodon":"0"},"categories":[1453],"tags":[1756,1757,19011,5665,1537,90,89,1868,245,244,10352,222],"class_list":["post-467944","post","type-post","status-publish","format-standard","has-post-thumbnail","category-basket","tag-basket","tag-basketball","tag-brotto","tag-cremona","tag-it","tag-italia","tag-italy","tag-lba","tag-sport","tag-sports","tag-vanoli","tag-venezia"],"share_on_mastodon":{"url":"https:\/\/pubeurope.com\/@it\/116493846336687163","error":""},"_links":{"self":[{"href":"https:\/\/www.europesays.com\/it\/wp-json\/wp\/v2\/posts\/467944","targetHints":{"allow":["GET"]}}],"collection":[{"href":"https:\/\/www.europesays.com\/it\/wp-json\/wp\/v2\/posts"}],"about":[{"href":"https:\/\/www.europesays.com\/it\/wp-json\/wp\/v2\/types\/post"}],"author":[{"embeddable":true,"href":"https:\/\/www.europesays.com\/it\/wp-json\/wp\/v2\/users\/3"}],"replies":[{"embeddable":true,"href":"https:\/\/www.europesays.com\/it\/wp-json\/wp\/v2\/comments?post=467944"}],"version-history":[{"count":0,"href":"https:\/\/www.europesays.com\/it\/wp-json\/wp\/v2\/posts\/467944\/revisions"}],"wp:featuredmedia":[{"embeddable":true,"href":"https:\/\/www.europesays.com\/it\/wp-json\/wp\/v2\/media\/467945"}],"wp:attachment":[{"href":"https:\/\/www.europesays.com\/it\/wp-json\/wp\/v2\/media?parent=467944"}],"wp:term":[{"taxonomy":"category","embeddable":true,"href":"https:\/\/www.europesays.com\/it\/wp-json\/wp\/v2\/categories?post=467944"},{"taxonomy":"post_tag","embeddable":true,"href":"https:\/\/www.europesays.com\/it\/wp-json\/wp\/v2\/tags?post=467944"}],"curies":[{"name":"wp","href":"https:\/\/api.w.org\/{rel}","templated":true}]}}