{"id":468135,"date":"2026-04-30T15:56:22","date_gmt":"2026-04-30T15:56:22","guid":{"rendered":"https:\/\/www.europesays.com\/it\/468135\/"},"modified":"2026-04-30T15:56:22","modified_gmt":"2026-04-30T15:56:22","slug":"dallitalia-allitalia-la-storia-rugbistica-di-george-north-e-un-po-anche-la-nostra","status":"publish","type":"post","link":"https:\/\/www.europesays.com\/it\/468135\/","title":{"rendered":"Dall&#8217;Italia all&#8217;Italia: la storia rugbistica di George North \u00e8 un po&#8217; anche la nostra"},"content":{"rendered":"<p class=\"excerpt\">Il suo debutto con gli Scarlets? A Treviso, in Celtic League. Il suo addio al Galles? Contro gli azzurri al Sei Nazioni 2024. Una parabola in cui anche OnRugby ha (forse) una piccola parte<\/p>\n<p>\t\t\t<a href=\"https:\/\/www.onrugby.it\/2026\/04\/30\/dallitalia-allitalia-la-storia-rugbistica-di-george-north-e-un-po-anche-la-nostra\/\" title=\"Dall\u2019Italia all\u2019Italia: la storia rugbistica di George North \u00e8 un po\u2019 anche la nostra\" rel=\"nofollow noopener\" target=\"_blank\"><\/p>\n<p>\t\t\t\t\t\t<img src=\"https:\/\/www.europesays.com\/it\/wp-content\/uploads\/2026\/04\/MG_7856-\u00a9sebastiano-pessina-230x153.jpg\"  alt=\"george north\"  fetchpriority=\"auto\" loading=\"lazy\" decoding=\"async\" width=\"230\" height=\"153\"\/><br \/>\n\t\t\t<\/a><\/p>\n<p class=\"wp-caption-text\">Dall&#8217;Italia all&#8217;Italia: la storia rugbistica di George North \u00e8 un po&#8217; anche la nostra<\/p>\n<p>\u201cHi guys, I just want to come on here and let you know at the end of the season I\u2019ll be retiring. For me it\u2019s the right time\u201d.<br \/>George Philippe North, 34 anni da un paio di settimane, ha annunciato cos\u00ec il suo ritiro dal rugby giocato. La nazionale l\u2019aveva lasciata gi\u00e0 al termine del Sei Nazioni 2024, con ultima presenza il 16 marzo in quel Galles-Italia per noi indimenticabile.<br \/>Ora lo stop definitivo.<\/p>\n<p>Un giocatore gigantesco, in tutti i sensi. Per i suoi 114 chili distribuiti in un metro e 93 centimetri di altezza (numeri da seconda linea, ruolo in cui ha giocato da giovanissimo, prima di essere spostato tra i trequarti quando era al Llandovery College) e per la sua carriera: 320 partite fin qui giocate con le maglie di Scarlets, Northampton, Ospreys, Provence, British &amp; Irish Lions e \u2013 ovviamente \u2013 Galles. \u00c8 stato titolare 303 volte, 116 mete marcate, 580 punti segnati.<br \/>Poi ci sono i trionfi nel Sei Nazioni 2012, 2013, 2019 e 2021. Con i Dragoni (121 caps, praticamente tutti da titolare, e 47 mete segnate) \u00e8 andato al Mondiale 4 volte, giocando due volte una semifinale, una nel 2011 in Nuova Zelanda contro la Francia e in Giappone nel 2019 contro il Sudafrica, perdendole entrambe di un niente. Con i Saints nel 2014 fece la doppietta Premiership-Challenge Cup.<\/p>\n<p>Nel suo destino anche parecchia Italia, oltre alla partita di addio al Galles di cui abbiamo gi\u00e0 fatto menzione: il suo debutto con gli Scarlets nel rugby dei grandi \u00e8 datato 4 settembre 2010, al Monigo contro il Benetton Treviso in Celtic League (fin\u00ec 34-28 per i biancoverdi), contro l\u2019Italia \u2013 nel 2015 \u2013 ha firmato la sua prima hat-trick in un Sei Nazioni.<br \/>Il 13 novembre 2010 diventa il giocatore del Galles numero 1078: a 18 anni e 214 giorni scende in campo da titolare contro il Sudafrica campione del mondo. Il XV in maglia rossa perde 25-29 ma lui conquista in un attimo il Millennium con due mete, diventando cos\u00ec il pi\u00f9 giovane giocatore della storia del rugby gallese a marcare nella sua gara di debutto.<\/p>\n<p>Numeri spaventosi ma che non fanno di George North il pi\u00f9 grande giocatore della sua epoca, anche se \u00e8 uno dei pochissimi che pu\u00f2 permettersi di giocare in quel campionato l\u00ec.<br \/>Per\u00f2 c\u2019\u00e8 qualcosa che me lo fa sentire particolarmente vicino, un po\u2019 pi\u00f9 di altri: la carriera di questo immenso giocatore prende il via a \u00e8 a grandi linee nello stesso periodo in cui OnRugby ha preso forma prima ancora di trovare il suo spazio concreto nel web, la sua carriera \u2013 con tutte le differenze del mondo \u2013 \u00e8 un po\u2019 anche la storia delle pagine che leggete ogni giorno.<br \/>Ora George North si toglie gli scarpini. Buona fortuna George, e grazie. Anzi, come diresti tu: Diolch.<\/p>\n<p>Il Grillotalpa<\/p>\n<p>OnRugby.it \u00a9 Riproduzione riservata<\/p>\n<p>Cari Lettori,<\/p>\n<p>OnRugby, da oltre 10 anni, Vi offre gratuitamente un\u2019informazione puntuale e quotidiana sul mondo della palla ovale.<br \/>\n\t\t\t<b>Il nostro lavoro ha un costo che viene ripagato dalla pubblicit\u00e0, in particolare quella personalizzata.<\/b><\/p>\n<p>Quando Vi viene proposta l\u2019informativa sul rilascio di cookie o tecnologie simili, Vi chiediamo di sostenerci dando il Vostro consenso.<\/p>\n","protected":false},"excerpt":{"rendered":"Il suo debutto con gli Scarlets? A Treviso, in Celtic League. Il suo addio al Galles? Contro gli&hellip;\n","protected":false},"author":3,"featured_media":468136,"comment_status":"","ping_status":"","sticky":false,"template":"","format":"standard","meta":{"footnotes":"","_share_on_mastodon":"0"},"categories":[1458],"tags":[6226,260947,1537,90,89,1840,260948,205275,245,244],"class_list":["post-468135","post","type-post","status-publish","format-standard","has-post-thumbnail","category-rugby","tag-galles","tag-george-north","tag-it","tag-italia","tag-italy","tag-rugby","tag-rwc","tag-sei-nazioni","tag-sport","tag-sports"],"share_on_mastodon":{"url":"https:\/\/pubeurope.com\/@it\/116494479492761386","error":""},"_links":{"self":[{"href":"https:\/\/www.europesays.com\/it\/wp-json\/wp\/v2\/posts\/468135","targetHints":{"allow":["GET"]}}],"collection":[{"href":"https:\/\/www.europesays.com\/it\/wp-json\/wp\/v2\/posts"}],"about":[{"href":"https:\/\/www.europesays.com\/it\/wp-json\/wp\/v2\/types\/post"}],"author":[{"embeddable":true,"href":"https:\/\/www.europesays.com\/it\/wp-json\/wp\/v2\/users\/3"}],"replies":[{"embeddable":true,"href":"https:\/\/www.europesays.com\/it\/wp-json\/wp\/v2\/comments?post=468135"}],"version-history":[{"count":0,"href":"https:\/\/www.europesays.com\/it\/wp-json\/wp\/v2\/posts\/468135\/revisions"}],"wp:featuredmedia":[{"embeddable":true,"href":"https:\/\/www.europesays.com\/it\/wp-json\/wp\/v2\/media\/468136"}],"wp:attachment":[{"href":"https:\/\/www.europesays.com\/it\/wp-json\/wp\/v2\/media?parent=468135"}],"wp:term":[{"taxonomy":"category","embeddable":true,"href":"https:\/\/www.europesays.com\/it\/wp-json\/wp\/v2\/categories?post=468135"},{"taxonomy":"post_tag","embeddable":true,"href":"https:\/\/www.europesays.com\/it\/wp-json\/wp\/v2\/tags?post=468135"}],"curies":[{"name":"wp","href":"https:\/\/api.w.org\/{rel}","templated":true}]}}