{"id":468815,"date":"2026-05-01T01:43:21","date_gmt":"2026-05-01T01:43:21","guid":{"rendered":"https:\/\/www.europesays.com\/it\/468815\/"},"modified":"2026-05-01T01:43:21","modified_gmt":"2026-05-01T01:43:21","slug":"hanno-fatto-un-film-sul-looksmaxxing-e-ovviamente-e-un-body-horror","status":"publish","type":"post","link":"https:\/\/www.europesays.com\/it\/468815\/","title":{"rendered":"Hanno fatto un film sul looksmaxxing e ovviamente \u00e8 un body horror"},"content":{"rendered":"<p class=\"small-text is-articolo\">Prevedibilmente, \u00e8 stato intitolato Looksmaxxing, \u00e8 un cortometraggio e se ne pu\u00f2 gi\u00e0 vedere qualche scena nel trailer pubblicato su Instagram.<\/p>\n<p><img decoding=\"async\" src=\"https:\/\/www.europesays.com\/it\/wp-content\/uploads\/2026\/05\/looksmaxxing-film-800x499.jpg\" loading=\"lazy\" alt=\"\" class=\"_3-2\"\/><\/p>\n<p class=\"is-boxed article-body\" style=\"font-weight: 400;\">La prima traduzione cinematografica del fenomeno looksmaxxing non poteva altro che essere un cortometraggio body horror che si intitoler\u00e0 Looksmaxxing. Diretto dal regista newyorkese Elan Alexander (al suo esordio, anche se non si capisce dove: al momento il film non ha ancora una distribuzione in sala n\u00e9 in streaming), <strong>l\u2019horror racconter\u00e0 questa nuova malattia che affligge il corpo e la mente attraverso la storia di un giovane che intraprende un \u201cpercorso di crescita personale e miglioramento di s\u00e9\u201d \u2013 parole che nel 100 per cento dei casi promettono nulla di buono \u2013 nel tentativo di raggiungere la perfezione fisica, proprio come fanno i looksmaxxer di tutto il mondo.<\/strong> Nella pagina Instagram del corto, cliccando sul link in bio, \u00e8 possibile anche accedere a un vero e proprio <a class=\"link-article\" href=\"https:\/\/looksmaxxingfilm.com\/?utm_source=ig&amp;utm_medium=social&amp;utm_content=link_in_bio&amp;fbclid=PAZXh0bgNhZW0CMTEAc3J0YwZhcHBfaWQMMjU2MjgxMDQwNTU4AAGn2fvbODnO5-_8X9gKMq2oEMNDAJVh-XKXkWZ2_4r616bBAxyzbgDiZYhFhWQ_aem_FbeHs5jqpNppCCl_x2lvig#\" rel=\"nofollow noopener\" target=\"_blank\">forum dedicato<\/a> al looksmaxxing e interagire con vari looksmaxxer. Attivit\u00e0 che vi consigliamo vivamente di risparmiarvi, per\u00f2.<\/p>\n<blockquote class=\"quote article-body nobottom  instagram-media\" style=\"background: #FFF; border: 0; border-radius: 3px; box-shadow: 0 0 1px 0 rgba(0,0,0,0.5),0 1px 10px 0 rgba(0,0,0,0.15); margin: 1px; max-width: 540px; min-width: 326px; padding: 0; width: calc(100% - 2px);\" data-instgrm-captioned=\"\" data-instgrm-permalink=\"https:\/\/www.instagram.com\/reel\/DXdHFGBjpZ8\/?utm_source=ig_embed&amp;utm_campaign=loading\" data-instgrm-version=\"14\">\n<\/blockquote>\n<p class=\"is-boxed article-body\" style=\"font-weight: 400;\">Quello che si vede nel trailer \u00e8 l\u2019attore Sunny Suljic, nei panni di un looksmaxxer che, ossessionato da un obbiettivo di perfezione predefinita da canoni dettati dagli altri looksmaxxer, precipita in una spirale di autodistruzione (<strong>The Substance ma senza medicinali rivoluzionari, solo ormoni, masturbazione, blog e pose allo specchio, in sostanza<\/strong>). Nel trailer compaiono anche una foto di Sam Sulek e Aziz \u201cZyzz\u201d Shavershian, due giovani bodybuilder e online celebrity che negli anni hanno raccontato su internet il loro stile di vita e la loro crescita muscolare, gettando cos\u00ec le basi della \u201csottocultura\u201d del looksmaxxing.<\/p>\n<p class=\"is-boxed article-body\" style=\"font-weight: 400;\">Una sottocultura che affonda le sue radici nell\u2019insicurezza e che ha trovato terreno fertile in moltissimi adolescenti in tutto il mondo, suscitando ansia e paure nei genitori e in tutte le persone ancora capaci di capire che prendersi a martellate la mascella nella speranza di provocarsi microfratture che una volta rimarginate daranno al volto delle linee pi\u00f9 mascoline (\u00e8 una pratica che i looksmaxxer adottano davvero, si chiama\u00a0bonesmashing) \u00e8 un\u2019attivit\u00e0 che nessuno dovrebbe praticare, a nessuna et\u00e0, per nessuna ragione. Il cortometraggio Looksmaxxing evidentemente \u00e8 consapevole della pericolosit\u00e0 del fenomeno: come si legge sulla pagina Instagram del film, l\u2019obiettivo \u00e8 \u00abesplorare un concetto, non sostienerlo\u00bb.<\/p>\n<p><script async src=\"\/\/www.instagram.com\/embed.js\"><\/script><\/p>\n","protected":false},"excerpt":{"rendered":"Prevedibilmente, \u00e8 stato intitolato Looksmaxxing, \u00e8 un cortometraggio e se ne pu\u00f2 gi\u00e0 vedere qualche scena nel trailer&hellip;\n","protected":false},"author":3,"featured_media":468816,"comment_status":"","ping_status":"","sticky":false,"template":"","format":"standard","meta":{"footnotes":"","_share_on_mastodon":"0"},"categories":[1442],"tags":[640,203,454,204,1537,90,89,1521,7,1686,14188],"class_list":["post-468815","post","type-post","status-publish","format-standard","has-post-thumbnail","category-film","tag-cinema","tag-entertainment","tag-film","tag-intrattenimento","tag-it","tag-italia","tag-italy","tag-movies","tag-news","tag-social","tag-trend"],"share_on_mastodon":{"url":"https:\/\/pubeurope.com\/@it\/116496788028077600","error":""},"_links":{"self":[{"href":"https:\/\/www.europesays.com\/it\/wp-json\/wp\/v2\/posts\/468815","targetHints":{"allow":["GET"]}}],"collection":[{"href":"https:\/\/www.europesays.com\/it\/wp-json\/wp\/v2\/posts"}],"about":[{"href":"https:\/\/www.europesays.com\/it\/wp-json\/wp\/v2\/types\/post"}],"author":[{"embeddable":true,"href":"https:\/\/www.europesays.com\/it\/wp-json\/wp\/v2\/users\/3"}],"replies":[{"embeddable":true,"href":"https:\/\/www.europesays.com\/it\/wp-json\/wp\/v2\/comments?post=468815"}],"version-history":[{"count":0,"href":"https:\/\/www.europesays.com\/it\/wp-json\/wp\/v2\/posts\/468815\/revisions"}],"wp:featuredmedia":[{"embeddable":true,"href":"https:\/\/www.europesays.com\/it\/wp-json\/wp\/v2\/media\/468816"}],"wp:attachment":[{"href":"https:\/\/www.europesays.com\/it\/wp-json\/wp\/v2\/media?parent=468815"}],"wp:term":[{"taxonomy":"category","embeddable":true,"href":"https:\/\/www.europesays.com\/it\/wp-json\/wp\/v2\/categories?post=468815"},{"taxonomy":"post_tag","embeddable":true,"href":"https:\/\/www.europesays.com\/it\/wp-json\/wp\/v2\/tags?post=468815"}],"curies":[{"name":"wp","href":"https:\/\/api.w.org\/{rel}","templated":true}]}}