{"id":468819,"date":"2026-05-01T01:46:19","date_gmt":"2026-05-01T01:46:19","guid":{"rendered":"https:\/\/www.europesays.com\/it\/468819\/"},"modified":"2026-05-01T01:46:19","modified_gmt":"2026-05-01T01:46:19","slug":"eventi-con-donne-disponibili-a-prostituirsi-minetti-e-cipriani-citati-in-una-denuncia-a-milano-che-i-pm-chiesero-di-archiviare","status":"publish","type":"post","link":"https:\/\/www.europesays.com\/it\/468819\/","title":{"rendered":"\u00abEventi con donne disponibili a prostituirsi\u00bb: Minetti e Cipriani citati in una denuncia a Milano (che i pm chiesero di archiviare)"},"content":{"rendered":"<p>    di<br \/>\n    Luigi Ferrarella e Viviana Mazza<\/p>\n<p class=\"summary-art is-line-h-12\">Una ex fidanzata di Max Ferruzzi, cugino di Giuseppe Cipriani, aveva denunciato: \u00abMolti dei presenti, tra cui Minetti, coinvolti nel procurare donne per uomini ricchi\u00bb. \u00c8 lei stessa, per\u00f2, a svelare l&#8217;inchiesta agli indagati che poi la denunciano per calunnia<\/p>\n<p class=\"chapter-paragraph\"><b>Un\u2019occasione investigativa mancata<\/b> per verificare se fosse realt\u00e0 o impostura la nuova vita di <a href=\"https:\/\/roma.corriere.it\/notizie\/politica\/26_aprile_30\/nicole-minetti-verifiche-grazia-ministero-procura-d063ce53-5997-421b-bb1d-122cdff60xlk.shtml\" title=\"Quelle verifiche mai partite sulla grazia a Nicole Minetti: cos\u00ec arriv\u00f2 il sollecito del ministero alla Procura\" rel=\"nofollow noopener\" target=\"_blank\">Nicole Minetti<\/a> con il compagno <a href=\"https:\/\/www.corriere.it\/economia\/finanza\/26_aprile_30\/cipriani-da-venezia-all-uruguay-le-radici-fragili-di-un-impero-il-prestito-da-270-milioni-di-xavier-niel-e-quei-soldi-chiesti-ad-05db1cab-6bb1-4340-90eb-c1e011283xlk.shtml\" title=\"Giuseppe Cipriani, da Venezia all\u2019Uruguay le radici (fragili) di un impero: il prestito da 270 milioni di Xavier Niel e quei soldi chiesti ad Epstein\" rel=\"nofollow noopener\" target=\"_blank\">Giuseppe Cipriani<\/a>, <b>o un tentativo di rivalsa sul mondo dei Cipriani <\/b>provando a usare la giustizia per regolare conti sentimentali e non solo?\u00a0<\/p>\n<p class=\"chapter-paragraph\"><b>Il 5 febbraio 2025, 5 mesi prima della richiesta di grazia di Nicole Minetti<\/b> accolta nel febbraio 2026 dal Quirinale anche in forza del <a href=\"https:\/\/roma.corriere.it\/notizie\/cronaca\/26_aprile_29\/nicole-minetti-grazia-controlli-uruguay-6dbefc48-ab88-4fa5-9abc-16a42f6a9xlk.shtml\" title=\"Cos\u00ec Nicole Minetti ha ottenuto la grazia: l&#039;iter della pratica \u00e8 durato 7 mesi, ma non sono stati fatti controlli all\u2019estero\" rel=\"nofollow noopener\" target=\"_blank\">parere della Procura Generale <\/a>sulla \u00abradicale presa di distanza dal passato deviante\u00bb della condannata per favoreggiamento delle <a href=\"https:\/\/milano.corriere.it\/notizie\/cronaca\/26_aprile_27\/chi-e-nicole-minetti-l-igienista-dentale-paracadutata-in-regione-da-berlusconi-che-si-presento-in-questura-per-ruby-052dc620-4b14-4d3c-9df0-316bb71d7xlk.shtml\" title=\"Chi \u00e8 Nicole Minetti, l&#039;igienista dentale \u00abparacadutata\u00bb in Regione da Berlusconi che si present\u00f2 in questura per Ruby\" rel=\"nofollow noopener\" target=\"_blank\">prostituzione nel processo Ruby<\/a>, <b>la Procura della Repubblica ricevette la denuncia di una giovane statunitense<\/b> per la fine burrascosa della relazione con <b>il cugino di Giuseppe Cipriani, Massimiliano \u00abMax\u00bb Ferruzzi,<\/b> conosciuto sullo yacht di Cipriani nell\u2019agosto 2024 e poi tra \u00abMilano, Corsica, Saint-Tropez, Cannes, Uruguay e New York\u00bb in una storia <b>finita nella plateale cacciata della donna il 5 novembre 2024 <\/b>dall\u2019albergo di lusso \u00abCasa Cipriani\u00bb di via Palestro a Milano.    &#13;<br \/>\n&#13;<br \/>\n&#13;<br \/>\n&#13;<br \/>\n&#13;<br \/>\n&#13;<br \/>\n&#13;<br \/>\n&#13;<br \/>\n&#13;<br \/>\n&#13;<br \/>\n&#13;<br \/>\n&#13;<br \/>\n&#13;<br \/>\n&#13;<br \/>\n&#13;<br \/>\n&#13;<br \/>\n&#13;<br \/>\n&#13;<br \/>\n&#13;<br \/>\n&#13;<br \/>\n&#13;<br \/>\n&#13;<br \/>\n&#13;<br \/>\n&#13;<br \/>\n&#13;<br \/>\n&#13;<br \/>\n&#13;<br \/>\n&#13;<br \/>\n&#13;<br \/>\n&#13;<br \/>\n&#13;<br \/>\n&#13;<br \/>\n&#13;<br \/>\n&#13;<br \/>\n&#13;<br \/>\n&#13;<br \/>\n&#13;<br \/>\n&#13;<br \/>\n&#13;<br \/>\n&#13;<br \/>\n&#13;<br \/>\n&#13;<br \/>\n&#13;<br \/>\n&#13;<br \/>\n&#13;<br \/>\n&#13;<br \/>\n&#13;<br \/>\n&#13;<br \/>\n&#13;<br \/>\n&#13;<br \/>\n&#13;<br \/>\n&#13;<br \/>\n&#13;\n<\/p>\n<p class=\"chapter-paragraph\">E in quella denuncia l\u2019americana riferiva di aver, dopo la rottura,\u00a0<b>\u00abaperto gli occhi\u00bb<\/b> sul fatto che \u00abmolti dei presenti, tra cui Nicole Minetti e altre donne, fossero presumibilmente coinvolti nel procurare donne per uomini ricchi\u00bb; che <b>nell\u2019hotel,<\/b> di cui Ferruzzi \u00e8 amministratore delegato e Giuseppe Cipriani  consigliere di amministrazione, \u00abfosse abitudinaria  la presenza di frequentatrici disponibili alla prostituzione, e  l\u2019offerta di stupefacenti utili al consumo degli avventori\u00bb; e che \u00ab<b>negli eventi ospitati da Max e Giuseppe Cipriani vi fosse una presenza costante di prostitute,<\/b> tossicodipendenti e persone impegnate in attivit\u00e0 illecite\u00bb.\u00a0<\/p>\n<p>APPROFONDISCI CON IL PODCAST<\/p>\n<p class=\"chapter-paragraph\">La prospettazione, nella quale la ragazza attribuisce <b>pesanti condotte anche all\u2019ex compagno di Daniela Santanch\u00e8, Canio Mazzaro<\/b>, spinge la Procura gi\u00e0 il 20 febbraio 2025 ad affidare una delega urgente ai carabinieri. <b>Ma a stroncare l\u2019indagine sul nascere \u00e8, paradossalmente, proprio l\u2019americana:<\/b> fattasi dare il nome del pm e il numero di fascicolo nato dalla sua denuncia, <b>\u00abben pensava di prendere contatti con gli indagati<\/b> \u2013 constata la Procura &#8211; <b>per renderli edotti della pendenza di questo procedimento<\/b>\u00bb. Tanto, dopo pochi giorni, si presentano in Procura i legali dei tre indagati (Ferruzzi, il capo e un addetto della sicurezza dell\u2019hotel) <b>a denunciare per calunnia la donna<\/b> in un fascicolo nel quale \u00e8 ora indagata, e a depositare attivit\u00e0 difensive dimostrando di conoscere il numero del procedimento, \u00abche in nessun modo avrebbero potuto conoscere se non, appunto, per indicazione fornita dalla stessa querelante\u00bb.\u00a0<\/p>\n<p class=\"chapter-paragraph\"><b>Bruciato cos\u00ec l\u2019effetto sorpresa del programma di indagine<\/b>, la richiesta di archiviazione del pm Andrea Zanoncelli il 24 novembre 2025 gronda di  non celata irritazione: \u00abL\u2019attendibilit\u00e0 delle dichiarazioni della querelante si \u00e8 mostrata fallimentare, perch\u00e9 mossa &#8211; per il pm &#8211;<b> da strumentali intenti ritorsivi <\/b>e finalit\u00e0 risarcitorie che inevitabilmente incidono profondamente sulla credibilit\u00e0 soggettiva, e perch\u00e9 la ricerca di riscontri \u00e8 stata pregiudicata dalle stesse condotte della presunta parte offesa\u00bb.<\/p>\n<p class=\"is-mr-t-20 is-mr-b-20\"><b><br \/>\n                    <a href=\"https:\/\/milano.corriere.it\/?intcmp=Notizielocali_nd_010623_corriere_ss_milano\" target=\"_blank\" rel=\"nofollow noopener\">Vai a tutte le notizie di Milano<\/a><br \/>\n            <\/b><\/p>\n<p class=\"chapter-paragraph\"><b><a href=\"https:\/\/www.corriere.it\/newsletter\/?theme=41&amp;intcmp=IIIcolonna_NL_CorMilano\" target=\"_blank\" rel=\"nofollow noopener\">Iscriviti alla newsletter di Corriere Milano<\/a><\/b><\/p>\n<p class=\"is-last-update\" datetime=\"2026-04-30T12:28:09+02:00\">30 aprile 2026 ( modifica il 30 aprile 2026 | 12:28)<\/p>\n<p class=\"is-copyright\">\n            \u00a9 RIPRODUZIONE RISERVATA\n        <\/p>\n","protected":false},"excerpt":{"rendered":"di Luigi Ferrarella e Viviana Mazza Una ex fidanzata di Max Ferruzzi, cugino di Giuseppe Cipriani, aveva denunciato:&hellip;\n","protected":false},"author":3,"featured_media":464431,"comment_status":"","ping_status":"","sticky":false,"template":"","format":"standard","meta":{"footnotes":"","_share_on_mastodon":"0"},"categories":[174],"tags":[4717,1498,91513,97536,13746,261361,261362,3340,7852,12060,11017,261363,261364,821,14567,1731,2429,66480,261365,203,626,5754,1595,211940,276,259310,6139,5539,950,204,1537,90,89,3444,261366,28,58750,12954,58751,2439,282],"class_list":["post-468819","post","type-post","status-publish","format-standard","has-post-thumbnail","category-intrattenimento","tag-americana","tag-attivita","tag-calunnia","tag-cipriani","tag-coinvolti","tag-coinvolti-procurare","tag-coinvolti-procurare-donne","tag-compagno","tag-condotte","tag-conoscere","tag-cugino","tag-cugino-giuseppe","tag-cugino-giuseppe-cipriani","tag-denuncia","tag-disponibili","tag-donna","tag-donne","tag-donne-uomini","tag-donne-uomini-ricchi","tag-entertainment","tag-eventi","tag-fascicolo","tag-febbraio","tag-ferruzzi","tag-giuseppe","tag-giuseppe-cipriani","tag-hotel","tag-indagati","tag-indagine","tag-intrattenimento","tag-it","tag-italia","tag-italy","tag-max","tag-max-ferruzzi","tag-milano","tag-minetti","tag-nicole","tag-nicole-minetti","tag-pm","tag-procura"],"share_on_mastodon":{"url":"","error":"Validation failed: Text character limit of 500 exceeded"},"_links":{"self":[{"href":"https:\/\/www.europesays.com\/it\/wp-json\/wp\/v2\/posts\/468819","targetHints":{"allow":["GET"]}}],"collection":[{"href":"https:\/\/www.europesays.com\/it\/wp-json\/wp\/v2\/posts"}],"about":[{"href":"https:\/\/www.europesays.com\/it\/wp-json\/wp\/v2\/types\/post"}],"author":[{"embeddable":true,"href":"https:\/\/www.europesays.com\/it\/wp-json\/wp\/v2\/users\/3"}],"replies":[{"embeddable":true,"href":"https:\/\/www.europesays.com\/it\/wp-json\/wp\/v2\/comments?post=468819"}],"version-history":[{"count":0,"href":"https:\/\/www.europesays.com\/it\/wp-json\/wp\/v2\/posts\/468819\/revisions"}],"wp:featuredmedia":[{"embeddable":true,"href":"https:\/\/www.europesays.com\/it\/wp-json\/wp\/v2\/media\/464431"}],"wp:attachment":[{"href":"https:\/\/www.europesays.com\/it\/wp-json\/wp\/v2\/media?parent=468819"}],"wp:term":[{"taxonomy":"category","embeddable":true,"href":"https:\/\/www.europesays.com\/it\/wp-json\/wp\/v2\/categories?post=468819"},{"taxonomy":"post_tag","embeddable":true,"href":"https:\/\/www.europesays.com\/it\/wp-json\/wp\/v2\/tags?post=468819"}],"curies":[{"name":"wp","href":"https:\/\/api.w.org\/{rel}","templated":true}]}}