{"id":469726,"date":"2026-05-01T16:20:24","date_gmt":"2026-05-01T16:20:24","guid":{"rendered":"https:\/\/www.europesays.com\/it\/469726\/"},"modified":"2026-05-01T16:20:24","modified_gmt":"2026-05-01T16:20:24","slug":"bonus-sicurezza-2026-si-puo-usare-anche-per-la-porta-blindata-la-risposta-su-chiedi-allesperto","status":"publish","type":"post","link":"https:\/\/www.europesays.com\/it\/469726\/","title":{"rendered":"Bonus Sicurezza 2026, si pu\u00f2 usare anche per la porta blindata? La risposta su \u00abChiedi all\u2019esperto\u00bb"},"content":{"rendered":"<p>    di<br \/>\n    Redazione Economia<\/p>\n<p class=\"summary-art is-line-h-12 is-mr-t-20\">La sostituzione della porta d&#8217;ingresso con una blindata rientra nel Bonus Sicurezza, ricompreso nel Bonus Casa. Ecco come<\/p>\n<p class=\"chapter-paragraph\">Ho letto che all&#8217;interno del bonus casa 2026 \u00e8 presente un bonus sicurezza per le spese sostenute per aumentare la sicurezza degli immobili. Volevo sapere per favore se \u00e8 possibile usufruirne per cambiare la porta di accesso alla casa (esterna) con una porta blindata. Inoltre, se s\u00ec, \u00e8 possibile abbinare questa ristrutturazione alla sostituzione degli infissi (semplice sostituzione senza allargamenti o altro) e delle porte interne facendo rientrare il tutto nel bonus?\u00a0Questa \u00e8 una delle domande che i lettori del Corriere\u00a0hanno sottoposto alla piattaforma \u00ab<a href=\"https:\/\/www.corriere.it\/economia\/chiedi-esperto\/fisco\/detrazione-fiscale\/\" target=\"_blank\" rel=\"nofollow noopener\">Chiedi all\u2019Esperto\u00bb<\/a>.\u00a0<\/p>\n<p>    La risposta<\/p>\n<p class=\"chapter-paragraph\">A rispondere \u00e8 il commercialista Lorenzo Meroni, che conferma che la sostituzione della porta d&#8217;ingresso con una blindata rientra nel Bonus Sicurezza, ricompreso nel Bonus Casa (art. 16-bis TUIR). La detrazione \u00e8 del 50% sulla spesa sostenuta, su un massimo di 96.000 euro per unit\u00e0 immobiliare, recuperabile in 10 rate annuali di pari importo si tratta dell&#8217;abitazione principale (per la seconda casa la detrazione scende al 36%). Il resto della risposta lo trovate <a href=\"https:\/\/www.corriere.it\/economia\/chiedi-esperto\/casa\/bonus-edilizi\/26-04-24\/bonus-sicurezza-2026-porta-blindata-serramenti-porte-interne\/\" rel=\"nofollow noopener\" target=\"_blank\">qui<\/a>.    &#13;<br \/>\n&#13;<br \/>\n&#13;<br \/>\n&#13;<br \/>\n&#13;<br \/>\n&#13;<br \/>\n&#13;<br \/>\n&#13;<br \/>\n&#13;<br \/>\n&#13;<br \/>\n&#13;<br \/>\n&#13;<br \/>\n&#13;<br \/>\n&#13;<br \/>\n&#13;<br \/>\n&#13;<br \/>\n&#13;<br \/>\n&#13;<br \/>\n&#13;<br \/>\n&#13;<br \/>\n&#13;<br \/>\n&#13;<br \/>\n&#13;<br \/>\n&#13;<br \/>\n&#13;<br \/>\n&#13;<br \/>\n&#13;<br \/>\n&#13;<br \/>\n&#13;<br \/>\n&#13;<br \/>\n&#13;<br \/>\n&#13;<br \/>\n&#13;<br \/>\n&#13;<br \/>\n&#13;<br \/>\n&#13;<br \/>\n&#13;<br \/>\n&#13;<br \/>\n&#13;<br \/>\n&#13;<br \/>\n&#13;<br \/>\n&#13;<br \/>\n&#13;<br \/>\n&#13;<br \/>\n&#13;<br \/>\n&#13;<br \/>\n&#13;<br \/>\n&#13;<br \/>\n&#13;<br \/>\n&#13;<br \/>\n&#13;<br \/>\n&#13;<br \/>\n&#13;\n<\/p>\n<p>    La piattaforma<\/p>\n<p class=\"chapter-paragraph\">Ricordiamo che i lettori possono inviare gratuitamente le loro domande e che professionisti e consulenti risponderanno in base alle norme attualmente in vigore. Accedendo alla piattaforma, inoltre, sar\u00e0 possibile non solo ricevere le risposte degli esperti, ma anche <b>consultare l\u2019archivio dei temi trattati precedentemente <\/b>da altri utenti su argomenti quali tasse, case, pensioni, lavoro, bonus e molto altro. Per semplificare la navigazione ai lettori, all\u2019interno del canale \u00e8 presente una barra di ricerca che permette selezionare gli argomenti di proprio interesse e applicare dei filtri se si vuole raffinare i risultati.<\/p>\n<p><a class=\"chiedi-esperto-box\" href=\"https:\/\/www.corriere.it\/economia\/chiedi-esperto\/fai-una-domanda\/\" rel=\"nofollow noopener\" target=\"_blank\"><img decoding=\"async\" src=\"https:\/\/www.europesays.com\/it\/wp-content\/uploads\/2026\/02\/box_esperto_dsk.png\" alt=\"Chiedi agli esperti\"\/><\/a><\/p>\n<p class=\"is-last-update\" datetime=\"2026-05-01T08:51:36+02:00\">1 maggio 2026 ( modifica il 1 maggio 2026 | 08:51)<\/p>\n<p class=\"is-copyright\">\n            \u00a9 RIPRODUZIONE RISERVATA\n        <\/p>\n","protected":false},"excerpt":{"rendered":"di Redazione Economia La sostituzione della porta d&#8217;ingresso con una blindata rientra nel Bonus Sicurezza, ricompreso nel Bonus&hellip;\n","protected":false},"author":3,"featured_media":469727,"comment_status":"","ping_status":"","sticky":false,"template":"","format":"standard","meta":{"footnotes":"","_share_on_mastodon":"0"},"categories":[172],"tags":[178,8113,39729,261910,261911,587,261909,261912,177,59463,59464,38836,4754,17570,1537,90,89,11960,7473,98,4565,4172,863,36019],"class_list":["post-469726","post","type-post","status-publish","format-standard","has-post-thumbnail","category-affari","tag-affari","tag-argomenti","tag-blindata","tag-blindata-rientra","tag-blindata-rientra-bonus","tag-bonus","tag-bonus-sicurezza","tag-bonus-sicurezza-ricompreso","tag-business","tag-chiedi","tag-chiedi-esperto","tag-detrazione","tag-domande","tag-esperto","tag-it","tag-italia","tag-italy","tag-lettori","tag-piattaforma","tag-porta","tag-possibile","tag-risposta","tag-sicurezza","tag-sostituzione"],"share_on_mastodon":{"url":"https:\/\/pubeurope.com\/@it\/116500236071428135","error":""},"_links":{"self":[{"href":"https:\/\/www.europesays.com\/it\/wp-json\/wp\/v2\/posts\/469726","targetHints":{"allow":["GET"]}}],"collection":[{"href":"https:\/\/www.europesays.com\/it\/wp-json\/wp\/v2\/posts"}],"about":[{"href":"https:\/\/www.europesays.com\/it\/wp-json\/wp\/v2\/types\/post"}],"author":[{"embeddable":true,"href":"https:\/\/www.europesays.com\/it\/wp-json\/wp\/v2\/users\/3"}],"replies":[{"embeddable":true,"href":"https:\/\/www.europesays.com\/it\/wp-json\/wp\/v2\/comments?post=469726"}],"version-history":[{"count":0,"href":"https:\/\/www.europesays.com\/it\/wp-json\/wp\/v2\/posts\/469726\/revisions"}],"wp:featuredmedia":[{"embeddable":true,"href":"https:\/\/www.europesays.com\/it\/wp-json\/wp\/v2\/media\/469727"}],"wp:attachment":[{"href":"https:\/\/www.europesays.com\/it\/wp-json\/wp\/v2\/media?parent=469726"}],"wp:term":[{"taxonomy":"category","embeddable":true,"href":"https:\/\/www.europesays.com\/it\/wp-json\/wp\/v2\/categories?post=469726"},{"taxonomy":"post_tag","embeddable":true,"href":"https:\/\/www.europesays.com\/it\/wp-json\/wp\/v2\/tags?post=469726"}],"curies":[{"name":"wp","href":"https:\/\/api.w.org\/{rel}","templated":true}]}}