{"id":469761,"date":"2026-05-01T16:50:38","date_gmt":"2026-05-01T16:50:38","guid":{"rendered":"https:\/\/www.europesays.com\/it\/469761\/"},"modified":"2026-05-01T16:50:38","modified_gmt":"2026-05-01T16:50:38","slug":"dazi-trump-riaccende-la-guerra-con-leuropa-sulle-auto-tariffe-al-25-lue-non-rispetta-i-patti-il-parlamento-ue-falso-e-inaccettabile","status":"publish","type":"post","link":"https:\/\/www.europesays.com\/it\/469761\/","title":{"rendered":"Dazi, Trump riaccende la guerra con l\u2019Europa: \u00abSulle auto tariffe al 25%, l\u2019Ue non rispetta i patti\u00bb. Il Parlamento Ue: \u00abFalso e inaccettabile\u00bb"},"content":{"rendered":"<p>    di<br \/>\n    Redazione Online<\/p>\n<p class=\"summary-art is-line-h-12 is-mr-t-20\">Il presidente degli Stati Uniti e l\u2019annuncio su Truth: \u00abDazi aumentati dalla prossima settimana\u00bb. Il capo della Commissione sul Commercio del Parlamento europeo: \u00abComportamento inaccettabile\u00bb<\/p>\n<p class=\"chapter-paragraph\">Il presidente degli Stati Uniti <b>Donald Trump<\/b> riaccende la <b>guerra sui dazi<\/b>. In un post su Truth, il suo social, il leader Usa ha attaccato l\u2019Unione Europea, accusandola di non rispettare i patti e annunciando tariffe del 25% sulle automobili.<\/p>\n<p class=\"chapter-paragraph\">\u00abSono lieto di annunciare che, sulla base del fatto che l&#8217;Unione Europea non sta rispettando il nostro accordo commerciale, la prossima settimana aumenter\u00f2 i dazi imposti all&#8217;Unione Europea per le automobili e i camion in arrivo negli Stati Uniti. Il dazio sar\u00e0 aumentato al 25%\u00bb, ha scritto su Truth. \u00abSe produrranno automobili e camion in stabilimenti negli Stati Uniti, non ci sar\u00e0 nessun dazio\u00bb, ha scritto ancora. \u00abNumerosi impianti sono attualmente in fase di costruzione, con investimenti superiori ai 100 miliardi di dollari, un record nella storia dell&#8217;industria automobilistica\u00bb.    &#13;<br \/>\n&#13;<br \/>\n&#13;<br \/>\n&#13;<br \/>\n&#13;<br \/>\n&#13;<br \/>\n&#13;<br \/>\n&#13;<br \/>\n&#13;<br \/>\n&#13;<br \/>\n&#13;<br \/>\n&#13;<br \/>\n&#13;<br \/>\n&#13;<br \/>\n&#13;<br \/>\n&#13;<br \/>\n&#13;<br \/>\n&#13;<br \/>\n&#13;<br \/>\n&#13;<br \/>\n&#13;<br \/>\n&#13;<br \/>\n&#13;<br \/>\n&#13;<br \/>\n&#13;<br \/>\n&#13;<br \/>\n&#13;<br \/>\n&#13;<br \/>\n&#13;<br \/>\n&#13;<br \/>\n&#13;<br \/>\n&#13;<br \/>\n&#13;<br \/>\n&#13;<br \/>\n&#13;<br \/>\n&#13;<br \/>\n&#13;<br \/>\n&#13;<br \/>\n&#13;<br \/>\n&#13;<br \/>\n&#13;<br \/>\n&#13;<br \/>\n&#13;<br \/>\n&#13;<br \/>\n&#13;<br \/>\n&#13;<br \/>\n&#13;<br \/>\n&#13;<br \/>\n&#13;<br \/>\n&#13;<br \/>\n&#13;<br \/>\n&#13;<br \/>\n&#13;\n<\/p>\n<p class=\"chapter-paragraph\">Bernd Lange, il capo della Commissione Commercio del Parlamento europeo, ha negato che l\u2019Europa non abbia rispettato i suoi impegni, e denunciato la totale inaffidabilit\u00e0 dell\u2019amministrazione Usa.\u00a0\u00abIl comportamento di Trump \u00e8 inaccettabile\u00bb, ha detto.\u00a0\u00abIl Parlamento stava per per ratificare la legislazione sull\u2019intesa commerciale con gli Usa. Sono gli Stati Uniti ad aver ripetutamente rotto gli accordi, e non \u00e8 questo il modo di trattare gli alleati. Ora possiamo solo rispondere con la massima chiarezza e fermezza\u00bb.<\/p>\n<p class=\"chapter-paragraph\">La mossa Usa arriva in un momento di <b>enorme tensione nell\u2019economia mondiale ed europea<\/b>, alla radice della quale ci sono le conseguenze della guerra scatenata da Usa e Israele contro l\u2019Iran &#8211; tra cui il blocco dello Stretto di Hormuz, una delle pi\u00f9 importanti vie di trasporto del petrolio in tutto il mondo.\u00a0<\/p>\n<p class=\"chapter-paragraph\">Trump e la presidente della Commissione europea Ursula von der Leyen avevano stretto un patto commerciale lo scorso luglio, in base al quale la gran parte dei beni europei importati negli Stati Uniti sono soggetti a una tariffa base del 15 per cento.<\/p>\n<p class=\"chapter-paragraph\">Sia gli Stati Uniti che l&#8217;Ue avevano precedentemente confermato il loro impegno a preservare l\u2019Accordo di Turnberry &#8211; intesa che prende il nome dal campo da golf di Trump in Scozia dove \u00e8 stato siglato &#8211; ma lo status dell&#8217;intesa \u00e8 stato messo in dubbio dopo che la Corte Suprema ha stabilito che il presidente Usa non aveva l&#8217;autorit\u00e0 legale per dichiarare un&#8217;emergenza economica e imporre dazi sulle merci europee.<\/p>\n<p class=\"chapter-paragraph\">La sentenza della Corte Suprema ha ridotto la tariffa-base al 10%.<\/p>\n<p class=\"chapter-paragraph\">Nei giorni scorsi, Trump si \u00e8 scontrato frontalmente con il cancelliere tedesco Merz, secondo cui gli Stati Uniti non hanno una strategia per chiudere la guerra in Iran e sono stati\u00a0\u00abumiliati\u00bb dal regime di Teheran. Le tariffe sull\u2019importazione di auto decise oggi da Trump potrebbero colpire, in particolare, proprio la Germania, la cui economia si trova peraltro in una fase <a href=\"https:\/\/www.corriere.it\/esteri\/26_aprile_30\/germania-fuest-decennio-perduto-17404413-6289-4523-b579-8e7f811d6xlk.shtml\" title=\"Germania, parla l&#039;economista Fuest: \u00abSi rischia un decennio perduto, come l&#039;Italia degli anni &#039;90. Il Pil regge solo grazie alla spesa pubblica (finanziata a debito)\u00bb\" rel=\"nofollow noopener\" target=\"_blank\">estremamente delicata<\/a>.<\/p>\n<p class=\"chapter-paragraph\">Articolo in aggiornamento&#8230;<\/p>\n<p><a class=\"chiedi-esperto-box\" href=\"https:\/\/www.corriere.it\/economia\/chiedi-esperto\/fai-una-domanda\/\" rel=\"nofollow noopener\" target=\"_blank\"><img decoding=\"async\" src=\"https:\/\/www.europesays.com\/it\/wp-content\/uploads\/2026\/02\/box_esperto_dsk.png\" alt=\"Chiedi agli esperti\"\/><\/a><\/p>\n<p class=\"is-last-update\" datetime=\"2026-05-01T18:39:58+02:00\">1 maggio 2026 ( modifica il 1 maggio 2026 | 18:39)<\/p>\n<p class=\"is-copyright\">\n            \u00a9 RIPRODUZIONE RISERVATA\n        <\/p>\n","protected":false},"excerpt":{"rendered":"di Redazione Online Il presidente degli Stati Uniti e l\u2019annuncio su Truth: \u00abDazi aumentati dalla prossima settimana\u00bb. Il&hellip;\n","protected":false},"author":3,"featured_media":469762,"comment_status":"","ping_status":"","sticky":false,"template":"","format":"standard","meta":{"footnotes":"","_share_on_mastodon":"0"},"categories":[6],"tags":[579,2765,5957,261926,2333,691,777,261927,261928,3715,3707,261929,261930,2320,261931,261932,9284,2336,14,3706,2697,77,8,1169,5944,1537,90,89,7,15,82,9,83,10,8111,135,3728,13,379,6572,997,11,80,84,12,81,85,3712,3713,3414,410],"class_list":["post-469761","post","type-post","status-publish","format-standard","has-post-thumbnail","category-ultime-notizie","tag-accordo","tag-auto","tag-automobili","tag-automobili-camion","tag-base","tag-camion","tag-capo","tag-capo-commissione","tag-capo-commissione-commercio","tag-commerciale","tag-commercio","tag-commercio-parlamento","tag-commercio-parlamento-europeo","tag-commissione","tag-commissione-commercio","tag-commissione-commercio-parlamento","tag-comportamento","tag-corte","tag-cronaca","tag-dazi","tag-europea","tag-guerra","tag-headlines","tag-inaccettabile","tag-intesa","tag-it","tag-italia","tag-italy","tag-news","tag-notizie","tag-notizie-di-cronaca","tag-notizie-principali","tag-notiziedicronaca","tag-notizieprincipali","tag-parlamento","tag-presidente","tag-tariffe","tag-titoli","tag-trump","tag-truth","tag-ue","tag-ultime-notizie","tag-ultime-notizie-di-cronaca","tag-ultime-notizie-e-news-di-oggi","tag-ultimenotizie","tag-ultimenotiziedicronaca","tag-ultimenotizieenewsdioggi","tag-unione","tag-unione-europea","tag-uniti","tag-usa"],"share_on_mastodon":{"url":"","error":"Validation failed: Text character limit of 500 exceeded"},"_links":{"self":[{"href":"https:\/\/www.europesays.com\/it\/wp-json\/wp\/v2\/posts\/469761","targetHints":{"allow":["GET"]}}],"collection":[{"href":"https:\/\/www.europesays.com\/it\/wp-json\/wp\/v2\/posts"}],"about":[{"href":"https:\/\/www.europesays.com\/it\/wp-json\/wp\/v2\/types\/post"}],"author":[{"embeddable":true,"href":"https:\/\/www.europesays.com\/it\/wp-json\/wp\/v2\/users\/3"}],"replies":[{"embeddable":true,"href":"https:\/\/www.europesays.com\/it\/wp-json\/wp\/v2\/comments?post=469761"}],"version-history":[{"count":0,"href":"https:\/\/www.europesays.com\/it\/wp-json\/wp\/v2\/posts\/469761\/revisions"}],"wp:featuredmedia":[{"embeddable":true,"href":"https:\/\/www.europesays.com\/it\/wp-json\/wp\/v2\/media\/469762"}],"wp:attachment":[{"href":"https:\/\/www.europesays.com\/it\/wp-json\/wp\/v2\/media?parent=469761"}],"wp:term":[{"taxonomy":"category","embeddable":true,"href":"https:\/\/www.europesays.com\/it\/wp-json\/wp\/v2\/categories?post=469761"},{"taxonomy":"post_tag","embeddable":true,"href":"https:\/\/www.europesays.com\/it\/wp-json\/wp\/v2\/tags?post=469761"}],"curies":[{"name":"wp","href":"https:\/\/api.w.org\/{rel}","templated":true}]}}