{"id":469953,"date":"2026-05-01T19:48:29","date_gmt":"2026-05-01T19:48:29","guid":{"rendered":"https:\/\/www.europesays.com\/it\/469953\/"},"modified":"2026-05-01T19:48:29","modified_gmt":"2026-05-01T19:48:29","slug":"vanoli-verso-la-fine-con-tanta-tristezza-juvi-da-record-e-non-finisce-qui","status":"publish","type":"post","link":"https:\/\/www.europesays.com\/it\/469953\/","title":{"rendered":"Vanoli verso la fine con tanta tristezza. Juvi da record: e non finisce qui&#8230;"},"content":{"rendered":"<p>CREMONA &#8211; Mi rendo conto che <strong>pi\u00f9 ci si avvicina alla data fatidica del 10 maggio prossimo, ultima giornata della stagione regolare<\/strong> del massimo campionato di serie A, crescono in modo esponenziale la tristezza e la nostalgia per la conclusione imminente della meravigliosa storia sportiva che porta il nome <strong>Guerino Vanoli Basket<\/strong>. Certo, ancora manca quell\u2019ufficialit\u00e0 che verosimilmente sar\u00e0 sancita appena dopo la trentesima giornata, ma non \u00e8 escluso che in occasione dell\u2019ultima gara interna di <strong>domenica prossima con l\u2019Umana Reyer Venezia (PalaRadi, ore 17)<\/strong>, la societ\u00e0 decida \u2013 vedremo se sar\u00e0 cos\u00ec oppure no &#8211; di organizzare qualcosa di particolare; vedremo.<\/p>\n<p>La <strong>sconfitta di Varese<\/strong> ha escluso la possibilit\u00e0 di una eventuale partecipazione del club cremonese ai <strong>playoff<\/strong>, a quella chiusura col botto che sarebbe piaciuta a molti e che sarebbe stata meritata. Niente da fare, contro un avversario motivato a palla, dovendosi giocare nello scontro diretto con i biancobl\u00f9 la possibilit\u00e0 di centrare l\u2019<strong>ottavo posto<\/strong> e qualificarsi alla post season (avendo domenica prossima da osservare il turno di riposo al 29\u00b0 turno), contro una <strong>Openjobmetis<\/strong> sostenuta nell\u2019occasione da un <strong>numero pazzesco di appassionati e tifosi (record di pubblico a Masnago con oltre 5mila spettatori)<\/strong>. La Vanoli, priva dell\u2019infortunato <strong>Veronesi<\/strong>, \u00e8 partita male, ha poi recuperato, ma nel finale punto a punto non ha avuto la forza mentale per andare a prendersi la posta in palio.<\/p>\n<p>Siamo onesti, in questa situazione da <strong>ultimi giorni di scuola<\/strong>, \u00e8 francamente difficile chiedere di pi\u00f9 ai giocatori o allo staff tecnico, molti dei quali (compresi i dirigenti) vivono il momento di <strong>incertezza lavorativa<\/strong> pensando \u2013 e chi pu\u00f2 dargli torto \u2013 al loro futuro. Lo stesso gm <strong>Andrea Conti<\/strong> ha spiegato molto bene la situazione della Vanoli in alcune interviste effettuate in presentazione della gara di Varese, anticipando il suo passaggio ad un\u2019altra societ\u00e0 (<strong>Udine<\/strong>, secondo La Prealpina): \u00ab<strong>A Cremona abbiamo vissuto una storia bellissima<\/strong>, ma <strong>Aldo Vanoli sponsorizza da 23 anni e da 16 \u00e8 proprietario unico<\/strong>. <strong>La decisione toccher\u00e0 a lui<\/strong>, ma <strong>in mancanza di strutture e visione \u00e8 fisiologico ci siano ragionamenti profondi<\/strong>. <strong>Il basket professionistico, col passare degli anni, sta diventando un affare solo per chi ha mezzi importanti<\/strong>\u00bb.<\/p>\n<p>Visto che ancora c\u2019\u00e8 chi non capisce, vi faccio alcune domande: <strong>chi ha aiutato concretamente Aldo Vanoli in questi anni?<\/strong> <strong>Cosa \u00e8 stato fatto affinch\u00e9 il palazzetto dello sport (impianto comunale inaugurato nel 1980) diventasse una struttura maggiormente attrattiva e ricettiva<\/strong> non solo per il pubblico ma anche per eventuali sponsor? <strong>Come pu\u00f2 la \u2018piccola\u2019 Cremona calamitare gli interessi di eventuali investitori?<\/strong> <strong>Facile criticare quando il denaro lo mette qualcun altro.<\/strong> Pensate invece alla lunga serie di miracoli sportivi centrati in questi anni (su tutti la conquista della <strong>Coppa Italia a Firenze nel 2019<\/strong>), ai risultati ottenuti quasi sempre con il <strong>budget pi\u00f9 basso dell\u2019intera serie A<\/strong>.<\/p>\n<p>Non smetter\u00f2 mai di scriverlo e pensarlo: <strong>dobbiamo solo essere grati ad Aldo Vanoli<\/strong> per quanto ha fatto in favore della pallacanestro cremonese, per <strong>gli allenatori e i giocatori \u2013 italiani e stranieri \u2013 che ha ingaggiato<\/strong> e che hanno calcato il parquet del <strong>PalaRadi<\/strong> per poi raggiungere palcoscenici di prima grandezza a livello europeo. Con questo spirito di riconoscenza andiamo domenica al palazzetto, e facciamo <strong>un grande applauso ad Aldo<\/strong> che sta vivendo questo momento con orgoglio per quanto fatto ma anche con sofferenza per un epilogo che, ve lo assicuro, neppure lui avrebbe voluto.<\/p>\n<p>SERIE A2<\/p>\n<p><strong>Undicesima posizione conquistata<\/strong>, uno dei risultati pi\u00f9 importanti ottenuti da quando la <strong>Ferraroni JuVi<\/strong> \u00e8 approdata nel campionato (tutt\u2019altro che facile) di <strong>serie A2<\/strong>. Traguardo raggiunto nell\u2019ultima giornata di stagione regolare, che permette alla squadra del presidente <strong>Enrico Ferraroni<\/strong> di disputare tra le mura amiche del <strong>PalaRadi<\/strong> il primo turno dei <strong>playin<\/strong>, <strong>domani sera<\/strong> alle ore 20.30 contro la <strong>Reale Mutua Torino<\/strong> dei tanti ex, dall\u2019allenatore <strong>Paolo Moretti<\/strong> ai giocatori <strong>Federico Massone<\/strong> e <strong>Lorenzo Tort\u00f9<\/strong>.<\/p>\n<p>Gara unica che consentir\u00e0 poi alla squadra vincitrice di disputare (sabato o domenica) il secondo turno sul campo della <strong>Unicusano Avellino<\/strong>, match anche questo in gara unica dal quale uscir\u00e0 la formazione che si presenter\u00e0 in ottava posizione nella griglia di partenza dei playoff promozione, al cospetto della <strong>Flats Service Fortitudo Bologna<\/strong> (terza in classifica). Questo il possibile (e anche complicato) cammino nella post season, ma con giusto orgoglio <strong>coach Luca Bechi<\/strong> \u2013 nel dopo gara di domenica \u2013 ha voluto rimarcare la straordinaria dedizione che la sua squadra ha sempre dimostrato nel corso dell\u2019annata agonistica, nonostante i vari momenti di difficolt\u00e0 incontrati tra infortuni e la necessit\u00e0 di operare un cambiamento importante nel roster iniziale, con l\u2019ingaggio a met\u00e0 dicembre di <strong>Kadeem Allen<\/strong> in sostituzione di <strong>Travis McConico<\/strong>.<\/p>\n<p>Un risultato di grande prestigio, i cui meriti vanno attribuiti all\u2019intero gruppo juvino, dalla propriet\u00e0 alla dirigenza, dallo staff tecnico ai giocatori, da tutti i preziosi collaboratori (volontari che gravitano attorno al mondo orogranata) al pubblico. Badate bene, il campionato di <strong>A2<\/strong> \u00e8 tra i pi\u00f9 complicati e i meno scontati della pallacanestro italiana; pensate agli investimenti importanti che hanno messo sul tavolo almeno una decina di societ\u00e0 per centrare la promozione diretta in serie A e, non a caso, il traguardo \u00e8 stato centrato da chi nel massimo campionato era gi\u00e0 stato lo scorso anno e bene si \u00e8 mosso anche in fase di mercato di riparazione.<\/p>\n<p>Le deluse sono tante, per questo si prospetta un playoff intensissimo e ad alta tensione per conquistare l\u2019ultimo posto a disposizione per centrare il salto di categoria. Ma molti investimenti di peso sono stati fatti anche da club che sono giunti alle spalle della Ferraroni JuVi, a dimostrazione che i budget importanti non sempre garantiscono la miglior resa. La societ\u00e0 cremonese ha invece operato sul mercato con grande oculatezza, ingaggiando giocatori che prima di tutto sono uomini caratterizzati da una grande <strong>integrit\u00e0<\/strong>.<\/p>\n<p>Certo, a questo gioco &#8211; e a questo livello &#8211; occorrono anche tecnica e atletismo, e la Ferraroni ha saputo mixare con sapienza le varie qualit\u00e0 e personalit\u00e0 del team. La gara di domenica scorsa, contro una <strong>Gemini Mestre<\/strong> libera da pressioni particolari, \u00e8 stata difficile e ruvida, complicata dall\u2019impossibilit\u00e0 di poter schierare sul parquet il \u2018faro\u2019 <strong>Billy Garrett<\/strong>, con <strong>Allen<\/strong> e <strong>Vittorio Bartoli<\/strong> (assieme al capitano <strong>Alessandro Panni<\/strong> e ad <strong>Edoardo Del Cadia<\/strong>) non ancora al meglio della condizione fisica.<\/p>\n<p>La JuVi ha sub\u00ecto troppo in difesa, inseguito a lungo gli avversari, ma al momento opportuno ha lanciato il cuore oltre l\u2019ostacolo e si \u00e8 presa la vittoria che ha consentito di superare sulla linea del traguardo le avversarie dirette nella corsa all\u2019undicesimo posto, la stessa Torino e l\u2019Urania Milano. Ora \u00e8 necessario che il <strong>pubblico cremonese<\/strong> si presenti compatto <strong>domani sera<\/strong> al <strong>PalaRadi<\/strong>, in quanto la <strong>Ferraroni JuVi<\/strong> avr\u00e0 bisogno del massimo sostegno possibile.<\/p>\n<p>    <a href=\"https:\/\/www.laprovinciacr.it\/news\/sport\/575745\/varese-spegne-i-sogni-playoff-della-vanoli.html\" class=\"vc_cont_image\" rel=\"nofollow noopener\" target=\"_blank\"><img decoding=\"async\" class=\"vc_image\" src=\"https:\/\/www.laprovinciacr.it\/resizer\/150\/-1\/true\/2026_04_26\/2704_CremoSpo032_A05_38899041_img03-1777231677521.jpg--varese_spegne_i_sogni_playoff_della_vanoli.jpg?1777231678250\"\/><\/a><\/p>\n<p>    <a href=\"https:\/\/www.laprovinciacr.it\/news\/sport\/575744\/la-juvi-e-super-vittoria-e-11-posto-mercoledi-in-casa-con-torino.html\" class=\"vc_cont_image\" rel=\"nofollow noopener\" target=\"_blank\"><img decoding=\"async\" class=\"vc_image\" src=\"https:\/\/www.laprovinciacr.it\/resizer\/150\/-1\/true\/2026_04_26\/0c8b3fe9-458c-4cb9-a0fa-679c6ef72ba5-1777229688781.jpg--la_juvi_e_super__vittoria_e_11__posto__mercoledi_in_casa_con_torino.jpg?1777229689236\"\/><\/a><\/p>\n","protected":false},"excerpt":{"rendered":"CREMONA &#8211; Mi rendo conto che pi\u00f9 ci si avvicina alla data fatidica del 10 maggio prossimo, ultima&hellip;\n","protected":false},"author":3,"featured_media":469954,"comment_status":"","ping_status":"","sticky":false,"template":"","format":"standard","meta":{"footnotes":"","_share_on_mastodon":"0"},"categories":[1453],"tags":[85443,12541,1756,1757,5665,2266,262066,1537,90,89,52224,19006,245,244,6766,9465,4103],"class_list":["post-469953","post","type-post","status-publish","format-standard","has-post-thumbnail","category-basket","tag-aldo-vanoli","tag-andrea-conti","tag-basket","tag-basketball","tag-cremona","tag-firenze","tag-guerino-vanoli-basket","tag-it","tag-italia","tag-italy","tag-openjobmetis","tag-palaradi","tag-sport","tag-sports","tag-udine","tag-umana-reyer-venezia","tag-varese"],"share_on_mastodon":{"url":"https:\/\/pubeurope.com\/@it\/116501054067720783","error":""},"_links":{"self":[{"href":"https:\/\/www.europesays.com\/it\/wp-json\/wp\/v2\/posts\/469953","targetHints":{"allow":["GET"]}}],"collection":[{"href":"https:\/\/www.europesays.com\/it\/wp-json\/wp\/v2\/posts"}],"about":[{"href":"https:\/\/www.europesays.com\/it\/wp-json\/wp\/v2\/types\/post"}],"author":[{"embeddable":true,"href":"https:\/\/www.europesays.com\/it\/wp-json\/wp\/v2\/users\/3"}],"replies":[{"embeddable":true,"href":"https:\/\/www.europesays.com\/it\/wp-json\/wp\/v2\/comments?post=469953"}],"version-history":[{"count":0,"href":"https:\/\/www.europesays.com\/it\/wp-json\/wp\/v2\/posts\/469953\/revisions"}],"wp:featuredmedia":[{"embeddable":true,"href":"https:\/\/www.europesays.com\/it\/wp-json\/wp\/v2\/media\/469954"}],"wp:attachment":[{"href":"https:\/\/www.europesays.com\/it\/wp-json\/wp\/v2\/media?parent=469953"}],"wp:term":[{"taxonomy":"category","embeddable":true,"href":"https:\/\/www.europesays.com\/it\/wp-json\/wp\/v2\/categories?post=469953"},{"taxonomy":"post_tag","embeddable":true,"href":"https:\/\/www.europesays.com\/it\/wp-json\/wp\/v2\/tags?post=469953"}],"curies":[{"name":"wp","href":"https:\/\/api.w.org\/{rel}","templated":true}]}}