{"id":469987,"date":"2026-05-01T20:19:33","date_gmt":"2026-05-01T20:19:33","guid":{"rendered":"https:\/\/www.europesays.com\/it\/469987\/"},"modified":"2026-05-01T20:19:33","modified_gmt":"2026-05-01T20:19:33","slug":"il-soggiorno-con-eleganti-vetrate-il-terrazzo-con-parquet-le-pareti-in-velluto","status":"publish","type":"post","link":"https:\/\/www.europesays.com\/it\/469987\/","title":{"rendered":"il soggiorno con eleganti vetrate, il terrazzo con parquet, le pareti in velluto"},"content":{"rendered":"<p>\n                            Il punto serale sulle notizie del giorno<br \/>\n                            <b>Iscriviti<\/b> e ricevi le notizie via email\n                        <\/p>\n<p><strong><a href=\"https:\/\/www.ilmessaggero.it\/t\/michelle-hunziker\" rel=\"nofollow noopener\" target=\"_blank\">Michelle Hunziker<\/a>\u00a0<\/strong>conduce con Alvin la prima edizione di\u00a0<a href=\"https:\/\/www.ilmessaggero.it\/t\/tim-battiti-live-spring\" rel=\"nofollow noopener\" target=\"_blank\">Tim Battiti Live Spring<\/a>, lo spin-off primaverile del festival musicale. Il palco \u00e8 quello di Ferrara, dove si alternano alcuni dei nomi pi\u00f9 amati della musica italiana. In attesa del prossimo appuntamento musicale, scopriamo qualche curiosit\u00e0 sulla casa della conduttrice.<\/p>\n<p>&#13;<br \/>\n    APPROFONDIMENTI&#13;<\/p>\n<p>&#13;<\/p>\n<p>                <a href=\"https:\/\/www.ilmessaggero.it\/schede\/mara_venier_dove_vive_casa_roma-9495349.html\" title=\"Mara Venier, l&#039;attico nel centro di Roma\" rel=\"nofollow noopener\" target=\"_blank\"><img loading=\"lazy\" decoding=\"async\" src=\"https:\/\/www.europesays.com\/it\/wp-content\/uploads\/2026\/04\/9495349_25192603_nuovo_progetto_2026_04_25t192601.721.jpg\" title=\"Mara Venier, l'attico nel centro di Roma\" width=\"64\" height=\"64\" data-pagespeed-no-transform=\"\"\/><\/a>            <\/p>\n<p>    &#13;<\/p>\n<p>    &#13;<\/p>\n<p>Michelle Hunziker, chi \u00e8 <\/p>\n<p><strong><a href=\"https:\/\/www.ilmessaggero.it\/t\/michelle-hunziker\" rel=\"nofollow noopener\" target=\"_blank\">Michelle Hunziker<\/a><\/strong> nasce\u00a0il 24 gennaio 1977 a Sorengo, vicino Lugano, nel Canton Ticino, in Svizzera. Figlia di Ineke e Rudolf Hunziker, pittore scomparso nel 2001, si \u00e8 diplomata in lingue straniere e ha studiato danza moderna. La sua infanzia non \u00e8 stata semplice, segnata dai problemi familiari legati alla dipendenza da alcol del padre, con cui il rapporto \u00e8 stato difficile per anni e si \u00e8 ricucito solo nell\u2019ultimo periodo prima della sua morte. Oggi Michelle vive a Milano, in zona CityLife, con le figlie Sole e Celeste, nate dal matrimonio con Tomaso Trussardi.<\/p>\n<p>La casa di Milano  <\/p>\n<p>L\u2019appartamento di <strong><a href=\"https:\/\/www.ilmessaggero.it\/t\/michelle-hunziker\" rel=\"nofollow noopener\" target=\"_blank\">Michelle Hunziker<\/a><\/strong> a CityLife si apre su un ampio ingresso che conduce direttamente al soggiorno. <\/p>\n<p>Gli ambienti sono luminosi e dominati da tonalit\u00e0 chiare, soprattutto panna. La zona giorno \u00e8 arredata con un grande divano e una maxi televisione.Il soggiorno di Michelle Hunziker <\/p>\n<p><img decoding=\"async\" alt=\"\" class=\"wnv-lazy\" src=\"https:\/\/www.europesays.com\/it\/wp-content\/uploads\/2026\/05\/michelle_hunziker_il_salone_28155952.jpg\"\/><\/p>\n<p>Il soggiorno di <strong><a href=\"https:\/\/www.ilmessaggero.it\/t\/michelle-hunziker\" rel=\"nofollow noopener\" target=\"_blank\">Michelle Hunziker<\/a><\/strong> \u00e8 molto luminoso grazie alle grandi vetrate che affacciano sull\u2019esterno. L\u2019ambiente, con pavimento in parquet, \u00e8 arredato con un lungo mobile chiaro a parete e un tavolo circondato da sedie eleganti, simili alla sedia di design Adria, dal costo di circa 399 euro l\u2019una. A separare idealmente la zona giorno dalla zona notte c\u2019\u00e8 poi una parete colorata in tessuto.<\/p>\n<p>Al centro del salone spicca un ampio divano in tessuto color panna, posizionato davanti alla televisione e a un coffee table. Su un lato, invece, una parete raccoglie alcune delle foto pi\u00f9 belle delle figlie di Michelle: Aurora, Sole e Celeste.<\/p>\n<p>La camera da letto\u00a0 <\/p>\n<p><img decoding=\"async\" alt=\"\" class=\"wnv-lazy\" src=\"https:\/\/www.europesays.com\/it\/wp-content\/uploads\/2026\/05\/michelle_hunziker_la_camera_da_letto_28160202.jpg\"\/><\/p>\n<p>La porta sulla\u00a0parete in velluto permette l&#8217;ingresso nella camera da letto patronale. La camera di <strong><a href=\"https:\/\/www.ilmessaggero.it\/t\/michelle-hunziker\" rel=\"nofollow noopener\" target=\"_blank\">Michelle Hunziker<\/a><\/strong>\u00a0\u00e8 molto semplice: sempre sui toni panna, e anche le tende della stanza sono chiare\u00a0in modo da permettere l&#8217;ingresso della luce nella stanza; dietro al letto matrimoniale ci sono vari scompartimenti e armadi scomposti color rosa chiaro dove la showgirl conserva i suoi abiti e accessori.<\/p>\n<p>Il terrazzo in parquet <\/p>\n<p><img decoding=\"async\" alt=\"\" class=\"wnv-lazy\" src=\"https:\/\/www.europesays.com\/it\/wp-content\/uploads\/2026\/05\/michelle_hunziker_la_terrazza_2_28162335.jpg\"\/><\/p>\n<p>Infine l&#8217;appartamento di lusso di <a href=\"https:\/\/www.ilmessaggero.it\/t\/michelle-hunziker\" rel=\"nofollow noopener\" target=\"_blank\">Michelle Hunziker<\/a> ha\u00a0 un bellissimo terrazzino che mostra spesso sui social: pavimento in parquet e divanetti bianchi, mentre sui muri vi \u00e8 carta da parati con foglie larghe e piante vere che rendono l&#8217;ambiente pi\u00f9 armonioso e rilassante. Sul fondo, anche una simpatica statua di un bulldog rosso con occhiali neri, che sembrerebbe essere di D\u00e9co et artisant.\u00a0<\/p>\n<p>&#13;<br \/>\n                            \u00a9 RIPRODUZIONE RISERVATA&#13;<\/p>\n<p>&#13;<\/p>\n","protected":false},"excerpt":{"rendered":"Il punto serale sulle notizie del giorno Iscriviti e ricevi le notizie via email Michelle Hunziker\u00a0conduce con Alvin&hellip;\n","protected":false},"author":3,"featured_media":469988,"comment_status":"","ping_status":"","sticky":false,"template":"","format":"standard","meta":{"footnotes":"","_share_on_mastodon":"0"},"categories":[1451],"tags":[262076,5134,1621,1620,203,204,1537,90,89,7541,28],"class_list":["post-469987","post","type-post","status-publish","format-standard","has-post-thumbnail","category-celebrita","tag-batti-live-spring","tag-casa","tag-celebrita","tag-celebrities","tag-entertainment","tag-intrattenimento","tag-it","tag-italia","tag-italy","tag-michelle-hunziker","tag-milano"],"share_on_mastodon":{"url":"https:\/\/pubeurope.com\/@it\/116501176342591942","error":""},"_links":{"self":[{"href":"https:\/\/www.europesays.com\/it\/wp-json\/wp\/v2\/posts\/469987","targetHints":{"allow":["GET"]}}],"collection":[{"href":"https:\/\/www.europesays.com\/it\/wp-json\/wp\/v2\/posts"}],"about":[{"href":"https:\/\/www.europesays.com\/it\/wp-json\/wp\/v2\/types\/post"}],"author":[{"embeddable":true,"href":"https:\/\/www.europesays.com\/it\/wp-json\/wp\/v2\/users\/3"}],"replies":[{"embeddable":true,"href":"https:\/\/www.europesays.com\/it\/wp-json\/wp\/v2\/comments?post=469987"}],"version-history":[{"count":0,"href":"https:\/\/www.europesays.com\/it\/wp-json\/wp\/v2\/posts\/469987\/revisions"}],"wp:featuredmedia":[{"embeddable":true,"href":"https:\/\/www.europesays.com\/it\/wp-json\/wp\/v2\/media\/469988"}],"wp:attachment":[{"href":"https:\/\/www.europesays.com\/it\/wp-json\/wp\/v2\/media?parent=469987"}],"wp:term":[{"taxonomy":"category","embeddable":true,"href":"https:\/\/www.europesays.com\/it\/wp-json\/wp\/v2\/categories?post=469987"},{"taxonomy":"post_tag","embeddable":true,"href":"https:\/\/www.europesays.com\/it\/wp-json\/wp\/v2\/tags?post=469987"}],"curies":[{"name":"wp","href":"https:\/\/api.w.org\/{rel}","templated":true}]}}