{"id":470439,"date":"2026-05-02T03:32:21","date_gmt":"2026-05-02T03:32:21","guid":{"rendered":"https:\/\/www.europesays.com\/it\/470439\/"},"modified":"2026-05-02T03:32:21","modified_gmt":"2026-05-02T03:32:21","slug":"inter-musmarra-oltre-a-frattesi-in-estate-partira-sicuramente-anche","status":"publish","type":"post","link":"https:\/\/www.europesays.com\/it\/470439\/","title":{"rendered":"Inter, Musmarra: &#8220;Oltre a Frattesi in estate partir\u00e0 sicuramente anche&#8230;&#8221;"},"content":{"rendered":"<p>Sul suo canale YouTube, Alfio Musmarra, esperto di mercato, ha parlato cos\u00ec di quelle che possono essere alcune mosse dell&#8217;Inter in estate<\/p>\n<p>Nel corso di un video sul suo canale YouTube, <strong>Alfio Musmarra<\/strong>, esperto di mercato, ha parlato cos\u00ec di quelle che possono essere alcune mosse <a href=\"https:\/\/www.fcinter1908.it\/ultimora\/giorgio-schenone-dirigente-inter-citato-intercettazioni-rocchi\/\" rel=\"nofollow noopener\" target=\"_blank\">dell&#8217;Inter<\/a> in estate:\u00a0&#8220;Sappiamo lo stato dell&#8217;arte e i nomi che circolano.<\/p>\n<p><strong>Frattesi sar\u00e0 certamente uno di quelli che saranno sacrificati<\/strong> e a me spiace tanto, ma sa gi\u00e0 qual \u00e8 il suo destino e che non potr\u00e0 stare pi\u00f9 all&#8217;Inter. L&#8217;Inter vuole un Kon\u00e9, uno che ti alza il livello \u00e8 Curtis Jones, gi\u00e0 trattato a gennaio. Poi credo che <strong>partir\u00e0 quasi sicuramente Luis Henrique e anche Diouf pu\u00f2 essere uno da rivendere perch\u00e9 ha mercato<\/strong>&#8220;.<\/p>\n<p class=\"is-copyright\">\u00a9 RIPRODUZIONE RISERVATA<\/p>\n","protected":false},"excerpt":{"rendered":"Sul suo canale YouTube, Alfio Musmarra, esperto di mercato, ha parlato cos\u00ec di quelle che possono essere alcune&hellip;\n","protected":false},"author":3,"featured_media":470440,"comment_status":"","ping_status":"","sticky":false,"template":"","format":"standard","meta":{"footnotes":"","_share_on_mastodon":"0"},"categories":[1452],"tags":[3960,262249,262250,61394,721,1533,1740,350,1537,90,89,1412,61393,1739,245,244],"class_list":["post-470439","post","type-post","status-publish","format-standard","has-post-thumbnail","category-calcio","tag-alcune","tag-alcune-mosse","tag-alcune-mosse-inter","tag-alfio","tag-calcio","tag-estate","tag-football","tag-inter","tag-it","tag-italia","tag-italy","tag-mercato","tag-musmarra","tag-soccer","tag-sport","tag-sports"],"share_on_mastodon":{"url":"https:\/\/pubeurope.com\/@it\/116502878438243255","error":""},"_links":{"self":[{"href":"https:\/\/www.europesays.com\/it\/wp-json\/wp\/v2\/posts\/470439","targetHints":{"allow":["GET"]}}],"collection":[{"href":"https:\/\/www.europesays.com\/it\/wp-json\/wp\/v2\/posts"}],"about":[{"href":"https:\/\/www.europesays.com\/it\/wp-json\/wp\/v2\/types\/post"}],"author":[{"embeddable":true,"href":"https:\/\/www.europesays.com\/it\/wp-json\/wp\/v2\/users\/3"}],"replies":[{"embeddable":true,"href":"https:\/\/www.europesays.com\/it\/wp-json\/wp\/v2\/comments?post=470439"}],"version-history":[{"count":0,"href":"https:\/\/www.europesays.com\/it\/wp-json\/wp\/v2\/posts\/470439\/revisions"}],"wp:featuredmedia":[{"embeddable":true,"href":"https:\/\/www.europesays.com\/it\/wp-json\/wp\/v2\/media\/470440"}],"wp:attachment":[{"href":"https:\/\/www.europesays.com\/it\/wp-json\/wp\/v2\/media?parent=470439"}],"wp:term":[{"taxonomy":"category","embeddable":true,"href":"https:\/\/www.europesays.com\/it\/wp-json\/wp\/v2\/categories?post=470439"},{"taxonomy":"post_tag","embeddable":true,"href":"https:\/\/www.europesays.com\/it\/wp-json\/wp\/v2\/tags?post=470439"}],"curies":[{"name":"wp","href":"https:\/\/api.w.org\/{rel}","templated":true}]}}