{"id":470571,"date":"2026-05-02T06:23:17","date_gmt":"2026-05-02T06:23:17","guid":{"rendered":"https:\/\/www.europesays.com\/it\/470571\/"},"modified":"2026-05-02T06:23:17","modified_gmt":"2026-05-02T06:23:17","slug":"ho-passato-anni-in-stato-di-choc","status":"publish","type":"post","link":"https:\/\/www.europesays.com\/it\/470571\/","title":{"rendered":"\u00abHo passato anni in stato di choc\u00bb"},"content":{"rendered":"<p><a href=\"https:\/\/www.leggo.it\/t\/donatella-versace\" rel=\"nofollow noopener\" target=\"_blank\">Donatella Versace<\/a> compie 71 anni il 2 maggio 2026. Nata a Reggio Calabria nel 1955, \u00e8 una delle figure pi\u00f9 riconoscibili della moda mondiale: <strong>capelli biondo platino<\/strong>, voce roca, abiti-scultura e una capacit\u00e0 rara di trasformare il glamour in linguaggio di potere. Per quasi tre decenni ha guidato l&#8217;immaginario creativo di Versace dopo la morte del <strong>fratello Gianni<\/strong>, portando avanti una maison fondata sul corpo, sulla sensualit\u00e0 e sull&#8217;idea che vestirsi possa essere anche un atto di coraggio. Nel 2025 ha lasciato <strong>la direzione creativa del marchio<\/strong>, diventando Chief Brand Ambassador. \u00abVersace \u00e8 nel mio DNA ed \u00e8 sempre nel mio cuore\u00bb, ha dichiarato nel comunicato ufficiale.<\/p>\n<p> Donatella, chi \u00e8 <\/p>\n<p>Donatella Francesca Versace \u00e8 stilista, imprenditrice e volto pubblico della <strong>maison Versace<\/strong>. \u00c8 la sorella minore di Santo e <a href=\"https:\/\/www.leggo.it\/t\/gianni-versace\" rel=\"nofollow noopener\" target=\"_blank\">Gianni Versace<\/a>, ed \u00e8 cresciuta in una famiglia dove moda e artigianalit\u00e0 erano gi\u00e0 parte della vita quotidiana. Dopo gli studi in lingue a Firenze, Donatella inizi\u00f2 a frequentare Milano per aiutare Gianni, che considerava preziosi il suo sguardo e le sue critiche. Quando la Gianni Versace Srl nacque nel 1978, lei assunse il ruolo di vicepresidente e segu\u00ec da vicino immagine, comunicazione e linee come Young Versace e Versus. Dopo l&#8217;omicidio di Gianni, nel 1997, divenne direttrice creativa e vicepresidente del board, con una quota del 20% della societ\u00e0.<\/p>\n","protected":false},"excerpt":{"rendered":"Donatella Versace compie 71 anni il 2 maggio 2026. Nata a Reggio Calabria nel 1955, \u00e8 una delle&hellip;\n","protected":false},"author":3,"featured_media":470572,"comment_status":"","ping_status":"","sticky":false,"template":"","format":"standard","meta":{"footnotes":"","_share_on_mastodon":"0"},"categories":[174],"tags":[53764,203,204,1537,90,89],"class_list":["post-470571","post","type-post","status-publish","format-standard","has-post-thumbnail","category-intrattenimento","tag-donatella-versace","tag-entertainment","tag-intrattenimento","tag-it","tag-italia","tag-italy"],"share_on_mastodon":{"url":"https:\/\/pubeurope.com\/@it\/116503550598232449","error":""},"_links":{"self":[{"href":"https:\/\/www.europesays.com\/it\/wp-json\/wp\/v2\/posts\/470571","targetHints":{"allow":["GET"]}}],"collection":[{"href":"https:\/\/www.europesays.com\/it\/wp-json\/wp\/v2\/posts"}],"about":[{"href":"https:\/\/www.europesays.com\/it\/wp-json\/wp\/v2\/types\/post"}],"author":[{"embeddable":true,"href":"https:\/\/www.europesays.com\/it\/wp-json\/wp\/v2\/users\/3"}],"replies":[{"embeddable":true,"href":"https:\/\/www.europesays.com\/it\/wp-json\/wp\/v2\/comments?post=470571"}],"version-history":[{"count":0,"href":"https:\/\/www.europesays.com\/it\/wp-json\/wp\/v2\/posts\/470571\/revisions"}],"wp:featuredmedia":[{"embeddable":true,"href":"https:\/\/www.europesays.com\/it\/wp-json\/wp\/v2\/media\/470572"}],"wp:attachment":[{"href":"https:\/\/www.europesays.com\/it\/wp-json\/wp\/v2\/media?parent=470571"}],"wp:term":[{"taxonomy":"category","embeddable":true,"href":"https:\/\/www.europesays.com\/it\/wp-json\/wp\/v2\/categories?post=470571"},{"taxonomy":"post_tag","embeddable":true,"href":"https:\/\/www.europesays.com\/it\/wp-json\/wp\/v2\/tags?post=470571"}],"curies":[{"name":"wp","href":"https:\/\/api.w.org\/{rel}","templated":true}]}}