{"id":470866,"date":"2026-05-02T11:16:15","date_gmt":"2026-05-02T11:16:15","guid":{"rendered":"https:\/\/www.europesays.com\/it\/470866\/"},"modified":"2026-05-02T11:16:15","modified_gmt":"2026-05-02T11:16:15","slug":"solo-un-episodio-a-settimana-il-motivo-della-scelta-di-mediaset-e-i-dati-sugli-ascolti","status":"publish","type":"post","link":"https:\/\/www.europesays.com\/it\/470866\/","title":{"rendered":"\u00abSolo un episodio a settimana\u00bb. Il motivo della scelta di Mediaset (e i dati sugli ascolti)"},"content":{"rendered":"<p>\n                            Ogni giorno le notizie pi\u00f9 lette della giornata<br \/>\n                            <b>Iscriviti<\/b> e ricevi le notizie via email\n                        <\/p>\n<p>Cambio di programmazione per &#8216;I <strong>Cesaroni <\/strong>\u2013 Il Ritorno&#8217;, la serie diretta e interpretata da Claudio Amendola, sequel della storica serie andata in onda su Mediaset dal 2006 al 2014. A partire da luned\u00ec 4 maggio, la serie co-prodotta da RTI-Publispei andr\u00e0 in onda su Canale 5 con un episodio a settimana, accompagnando cos\u00ec il pubblico per pi\u00f9 settimane. Una scelta editoriale pensata per valorizzare al massimo una delle serie pi\u00f9 amate dai telespettatori. <\/p>\n<p><strong>I dati degli ascolti<\/strong><\/p>\n<p>Dopo le prime serate, I Cesaroni \u2013 Il Ritorno ha mostrato una forte capacit\u00e0 di coinvolgere anche il pubblico pi\u00f9 giovane, registrando il 33% di share media nella fascia 15-34 anni, che sale al 36% nella fascia 25-34 anni. Risultati che confermano la contemporaneit\u00e0 del racconto e la sua capacit\u00e0 di parlare a tutte le generazioni. Il successo \u00e8 confermato anche su Mediaset Infinity: la prima puntata ha superato i 725.000 spettatori on demand, segnando il miglior debutto di sempre per una nuova serie. <\/p>\n<p>Inoltre, I Cesaroni \u2013 Il Ritorno, sulla piattaforma streaming di Mediaset, ha generato oltre 13 milioni di stream totali (tra episodi totali e altri contenuti) con pi\u00f9 di 2 milioni di ore di visione, a ulteriore testimonianza dell\u2019affetto con cui il pubblico la segue. Grande riscontro anche sui social: nelle prime tre settimane, la serie si \u00e8 affermata tra i programmi pi\u00f9 commentati, conquistando stabilmente il primo posto tra le tendenze italiane su X, non solo nelle serate di messa in onda. <\/p>\n","protected":false},"excerpt":{"rendered":"Ogni giorno le notizie pi\u00f9 lette della giornata Iscriviti e ricevi le notizie via email Cambio di programmazione&hellip;\n","protected":false},"author":3,"featured_media":470867,"comment_status":"","ping_status":"","sticky":false,"template":"","format":"standard","meta":{"footnotes":"","_share_on_mastodon":"0"},"categories":[1444],"tags":[29573,203,204,1537,90,89,253],"class_list":["post-470866","post","type-post","status-publish","format-standard","has-post-thumbnail","category-tv","tag-cesaroni","tag-entertainment","tag-intrattenimento","tag-it","tag-italia","tag-italy","tag-tv"],"share_on_mastodon":{"url":"https:\/\/pubeurope.com\/@it\/116504703037869175","error":""},"_links":{"self":[{"href":"https:\/\/www.europesays.com\/it\/wp-json\/wp\/v2\/posts\/470866","targetHints":{"allow":["GET"]}}],"collection":[{"href":"https:\/\/www.europesays.com\/it\/wp-json\/wp\/v2\/posts"}],"about":[{"href":"https:\/\/www.europesays.com\/it\/wp-json\/wp\/v2\/types\/post"}],"author":[{"embeddable":true,"href":"https:\/\/www.europesays.com\/it\/wp-json\/wp\/v2\/users\/3"}],"replies":[{"embeddable":true,"href":"https:\/\/www.europesays.com\/it\/wp-json\/wp\/v2\/comments?post=470866"}],"version-history":[{"count":0,"href":"https:\/\/www.europesays.com\/it\/wp-json\/wp\/v2\/posts\/470866\/revisions"}],"wp:featuredmedia":[{"embeddable":true,"href":"https:\/\/www.europesays.com\/it\/wp-json\/wp\/v2\/media\/470867"}],"wp:attachment":[{"href":"https:\/\/www.europesays.com\/it\/wp-json\/wp\/v2\/media?parent=470866"}],"wp:term":[{"taxonomy":"category","embeddable":true,"href":"https:\/\/www.europesays.com\/it\/wp-json\/wp\/v2\/categories?post=470866"},{"taxonomy":"post_tag","embeddable":true,"href":"https:\/\/www.europesays.com\/it\/wp-json\/wp\/v2\/tags?post=470866"}],"curies":[{"name":"wp","href":"https:\/\/api.w.org\/{rel}","templated":true}]}}