{"id":471353,"date":"2026-05-02T18:48:20","date_gmt":"2026-05-02T18:48:20","guid":{"rendered":"https:\/\/www.europesays.com\/it\/471353\/"},"modified":"2026-05-02T18:48:20","modified_gmt":"2026-05-02T18:48:20","slug":"tennis-challenger-cagliari-arnaldi-batte-cadenasso-ed-e-in-finale-contro-hurkacz","status":"publish","type":"post","link":"https:\/\/www.europesays.com\/it\/471353\/","title":{"rendered":"Tennis, Challenger Cagliari, Arnaldi batte Cadenasso ed \u00e8 in finale contro Hurkacz"},"content":{"rendered":"<p>                                Matteo batte Cadenasso in rimonta (1-6 6-1 6-0) e arriva all&#8217;ultimo atto del Challenger in Sardegna<\/p>\n<p>\n                                                                    Pellegrino Dell&#8217;Anno\n                            <\/p>\n<p>                    2 maggio &#8211; 19:13  &#8211; MILANO<\/p>\n<p class=\"paragraph\" spellcheck=\"true\">Sar\u00e0 l\u2019aria della Sardegna, del mare, che gli ricorda un po\u2019 la sua Sanremo, ma il Challenger 175 di Cagliari ha finalmente restituito un Matteo Arnaldi degno del suo livello. Aiutandolo ad uscire da una situazione di classifica che lo vedeva quasi fuori dai primi 150. La vittoria 1-6 6-1 6-0 nella strana semifinale contro Gianluca Cadenasso gli regala la finale (la prima dal giugno 2023, la pi\u00f9 prestigiosa della carriera) contro il polacco Hubert Hurkacz. I punti conquistati in Sardegna permettono ad Arnaldi di non precipitare in classifica, visto che luned\u00ec deve scartare i punti dei quarti di Madrid 2025: in caso di sconfitta in finale sar\u00e0 numero 127 (dall&#8217;attuale 103\u00b0 posto), in caso di titolo sar\u00e0 tra i primi 110 della classifica Atp. Per Cadenasso rimane una settimana da incorniciare, conclusa in ogni caso con lieto fine: ricever\u00e0 una wild card per il tabellone principale del Masters 1000 di Roma, visto l\u2019accesso diretto di Matteo Berrettini.\u00a0<\/p>\n<p>    il match\u2014 \u00a0<\/p>\n<p class=\"paragraph is-inline\" spellcheck=\"true\">L\u2019incontro, come si evince dal punteggio, non \u00e8 facile da decifrare. Le capacit\u00e0 atletiche e tennistiche di Arnaldi sono ovviamente superiori, ma inizialmente subisce l\u2019aggressivit\u00e0 in risposta di Cadenasso. Che trova quattro volte il break in altrettanti turni di battuta di Matteo, complice con 14 non forzati e solo il 28% di punti vinti con la prima. \u00c8 per\u00f2 una puntura che risveglia l\u2019orgoglio dell\u2019ex n.30 al mondo. Dei successivi 13 game, Arnaldi ne vince ben 12, perdendo solo il quinto gioco del secondo parziale. Di fatto da fondo non permette pi\u00f9 di rispondere a Cadenasso, che probabilmente soffre anche un po\u2019 delle fatiche dei giorni scorsi. Ha per\u00f2 quattro palle break nel primo gioco del set decisivo, ultima reazione d\u2019orgoglio, che sono tutte brillantemente annullate da Matteo. Che da l\u00ec mette il pilota automatico, vincendo 20 degli ultimi 24 punti e chiudendo con 22 vincenti.\u00a0<\/p>\n<p><a class=\"is-partner-link\" href=\"https:\/\/abbonamenti.gazzetta.it\/calciatori-panini-2025\/?pwcmp_promo_panini_cta&amp;forceBrowser=true\" rel=\"nofollow noopener\" target=\"_blank\">Gazzetta digital + Box Panini + Album a soli 80\u20ac, il modo pi\u00f9 veloce e conveniente per completare la collezione!<\/a><\/p>\n<p>    l&#8217;avversario in finale\u2014 \u00a0<\/p>\n<p class=\"paragraph is-inline\" spellcheck=\"true\">Il polacco Hurkacz esce vincitore al terzo set, in rimonta, per la seconda partita di fila. Dopo Berrettini cade anche Roman Andres Burruchaga, battuto 4-6 7-6(3) 6-3 dopo quasi tre ore di match, recuperando due volte un break di svantaggio nel secondo parziale, il secondo dei quali addirittura quando l\u2019argentino va a servire per il match, arrivando a due punti dalla finale. Nel terzo set l\u2019esperienza e la qualit\u00e0 dell\u2019ex n.6 al mondo vengono fuori: break nel primo gioco e 81% di punti vinti con la prima, conditi da 14 vincenti, per portare a casa una vittoria importantissima. Tanto per il morale quanto per la classifica, visto che torner\u00e0 n.53 al mondo portandosi a soli 15 punti dalla top 50. Giocher\u00e0 la prima finale dallo scorso anno a Ginevra, Atp 250, quando si arrese a Djokovic. All&#8217;ultimo atto ci sar\u00e0 dunque un incrocio inedito: non ci sono infatti precedenti tra Hurkacz e Arnaldi.<\/p>\n<p class=\"is-copyright\">\u00a9 RIPRODUZIONE RISERVATA<\/p>\n","protected":false},"excerpt":{"rendered":"Matteo batte Cadenasso in rimonta (1-6 6-1 6-0) e arriva all&#8217;ultimo atto del Challenger in Sardegna Pellegrino Dell&#8217;Anno&hellip;\n","protected":false},"author":3,"featured_media":471354,"comment_status":"","ping_status":"","sticky":false,"template":"","format":"standard","meta":{"footnotes":"","_share_on_mastodon":"0"},"categories":[1457],"tags":[7916,7919,1026,3049,3649,262817,260387,6300,30778,1932,1426,2024,171902,1537,90,89,1894,114,10800,10365,6838,3338,1292,172040,16310,3954,3645,245,244,1273,52302,4960,74953,33542,2224],"class_list":["post-471353","post","type-post","status-publish","format-standard","has-post-thumbnail","category-tennis","tag-arnaldi","tag-atp","tag-atto","tag-berrettini","tag-break","tag-break-gioco","tag-cadenasso","tag-cagliari","tag-challenger","tag-classifica","tag-finale","tag-gioco","tag-hurkacz","tag-it","tag-italia","tag-italy","tag-match","tag-matteo","tag-orgoglio","tag-parziale","tag-polacco","tag-primi","tag-punti","tag-punti-vinti","tag-rimonta","tag-sardegna","tag-set","tag-sport","tag-sports","tag-tennis","tag-terzo-set","tag-terzo","tag-vincenti","tag-vinti","tag-vittoria"],"share_on_mastodon":{"url":"https:\/\/pubeurope.com\/@it\/116506480281537075","error":""},"_links":{"self":[{"href":"https:\/\/www.europesays.com\/it\/wp-json\/wp\/v2\/posts\/471353","targetHints":{"allow":["GET"]}}],"collection":[{"href":"https:\/\/www.europesays.com\/it\/wp-json\/wp\/v2\/posts"}],"about":[{"href":"https:\/\/www.europesays.com\/it\/wp-json\/wp\/v2\/types\/post"}],"author":[{"embeddable":true,"href":"https:\/\/www.europesays.com\/it\/wp-json\/wp\/v2\/users\/3"}],"replies":[{"embeddable":true,"href":"https:\/\/www.europesays.com\/it\/wp-json\/wp\/v2\/comments?post=471353"}],"version-history":[{"count":0,"href":"https:\/\/www.europesays.com\/it\/wp-json\/wp\/v2\/posts\/471353\/revisions"}],"wp:featuredmedia":[{"embeddable":true,"href":"https:\/\/www.europesays.com\/it\/wp-json\/wp\/v2\/media\/471354"}],"wp:attachment":[{"href":"https:\/\/www.europesays.com\/it\/wp-json\/wp\/v2\/media?parent=471353"}],"wp:term":[{"taxonomy":"category","embeddable":true,"href":"https:\/\/www.europesays.com\/it\/wp-json\/wp\/v2\/categories?post=471353"},{"taxonomy":"post_tag","embeddable":true,"href":"https:\/\/www.europesays.com\/it\/wp-json\/wp\/v2\/tags?post=471353"}],"curies":[{"name":"wp","href":"https:\/\/api.w.org\/{rel}","templated":true}]}}