{"id":471523,"date":"2026-05-02T21:20:28","date_gmt":"2026-05-02T21:20:28","guid":{"rendered":"https:\/\/www.europesays.com\/it\/471523\/"},"modified":"2026-05-02T21:20:28","modified_gmt":"2026-05-02T21:20:28","slug":"castello-di-drachenburg-cosa-vedere-e-come-arrivare","status":"publish","type":"post","link":"https:\/\/www.europesays.com\/it\/471523\/","title":{"rendered":"Castello di Drachenburg, cosa vedere e come arrivare"},"content":{"rendered":"<p>Un profilo che sembra il frutto della fantasia pi\u00f9 fervida appare tra gli alberi del massiccio dei <strong>Siebengebirge<\/strong>, poco sopra il corso largo e solenne del <strong>Reno<\/strong>. Torri sottili, pinnacoli decorativi e scalinate scenografiche riempiono lo sguardo gi\u00e0 da lontano, anche perch\u00e9 tutto nasce da un\u2019idea ottocentesca ambiziosa e quasi capricciosa. Vi stiamo parlando del <strong>Castello di Drachenburg<\/strong>, il quale domina il paesaggio sopra <strong>K\u00f6nigswinter<\/strong>, in Germania.<\/p>\n<p>Costruito in appena 3 anni, tra 1882 e 1884, racconta una storia singolare fatta di ricchezza improvvisa, desiderio di prestigio e una certa dose di mistero. Attorno, un parco collinare si distende tra sentieri, terrazze e scorci che aprono la vista su una delle valli fluviali pi\u00f9 celebrate d\u2019Europa. Il luogo ha attratto poeti, viaggiatori e sognatori e il merito, forse, \u00e8 anche dei <strong>due cervi dorati<\/strong> che accolgono con una presenza quasi surreale.<\/p>\n<p>Da l\u00ec parte una scalinata ampia, pensata per impressionare prima ancora di essere percorsa. Quel che si capisce quasi subito, per\u00f2, \u00e8 che pi\u00f9 che una fortezza difensiva o dimora realmente vissuta, questo castello \u00e8 una vera <strong>dichiarazione di stile<\/strong>, un gesto architettonico che punta a stupire.<\/p>\n<p>Breve storia del Castello di Drachenburg<\/p>\n<p>Dietro questa fiabesca costruzione della <a href=\"https:\/\/siviaggia.it\/destinazioni\/europa\/germania\/\" rel=\"nofollow noopener\" target=\"_blank\">Germania<\/a> c&#8217;\u00e8 la figura di <strong>Stephan von Sarter<\/strong>, figlio di un oste di <strong>Bonn<\/strong> che riusc\u00ec a costruire una fortuna grazie alla finanza e a operazioni legate anche al finanziamento del <strong>Canale di Suez<\/strong>. Un&#8217;ascesa sociale rapida, culminata con il titolo nobiliare nel 1882.<\/p>\n<blockquote class=\"instagram-media\" data-instgrm-captioned=\"\" data-instgrm-permalink=\"https:\/\/www.instagram.com\/p\/CB_TBGiKfXH\/?utm_source=ig_embed&amp;utm_campaign=loading\" data-instgrm-version=\"14\" style=\" background:#FFF; border:0; border-radius:3px; box-shadow:0 0 1px 0 rgba(0,0,0,0.5),0 1px 10px 0 rgba(0,0,0,0.15); margin: 1px; max-width:100%; min-width:326px; padding:0; width:99.375%; width:-webkit-calc(100% - 2px); width:calc(100% - 2px);\"\/>\n<p>Proprio in quell&#8217;anno prese forma il progetto del Drachenburg con architetti di <a href=\"https:\/\/siviaggia.it\/idee-di-viaggio\/cosa-vedere-dusseldorf-e-dintorni\/249273\/\" rel=\"nofollow noopener\" target=\"_blank\">D\u00fcsseldorf,<\/a> poi affiancati da un progettista con esperienza parigina, che concepirono una struttura che fonde elementi neogotici all&#8217;esterno e richiami rinascimentali negli interni. Il risultato \u00e8 quello di apparire come una villa, un palazzo e un castello. S\u00ec, <strong>tutto insieme.<\/strong><\/p>\n<p>Sarter, per\u00f2, non abit\u00f2 mai qui: prefer\u00ec Parigi fino alla morte nel 1902. Il castello rest\u00f2 un sogno costruito per qualcuno che non lo visse mai davvero. Nel 1903 il nipote <strong>Jakob Biesenbach<\/strong> trasform\u00f2 la propriet\u00e0 in meta turistica. Nacquero un hotel in stile svizzero e alcune case estive nel parco, battezzate con nomi legati alla mitologia e all&#8217;opera, tra cui Tristan, Isolde e Parsifal.<\/p>\n<p>Un nuovo passaggio di propriet\u00e0 nel 1910 port\u00f2 idee ancora pi\u00f9 ambiziose. Si pensava infatti alla creazione di un parco divertimenti, un teatro e persino un hangar per dirigibili destinati a voli panoramici. Quasi niente venne mai realizzato, al punto che nel corso del &#8216;900 il manier\u00f2 cambi\u00f2 funzione pi\u00f9 volte.<\/p>\n<blockquote class=\"instagram-media\" data-instgrm-captioned=\"\" data-instgrm-permalink=\"https:\/\/www.instagram.com\/p\/DVBJE-5Dl0t\/?utm_source=ig_embed&amp;utm_campaign=loading\" data-instgrm-version=\"14\" style=\" background:#FFF; border:0; border-radius:3px; box-shadow:0 0 1px 0 rgba(0,0,0,0.5),0 1px 10px 0 rgba(0,0,0,0.15); margin: 1px; max-width:100%; min-width:326px; padding:0; width:99.375%; width:-webkit-calc(100% - 2px); width:calc(100% - 2px);\"\/>\n<p>Fu dapprima collegio religioso, poi scuola durante il periodo nazista e anche un edificio danneggiato a causa della Seconda Guerra Mondiale. Dopo il conflitto, tra le altre cose, alcune truppe americane e rifugiati occuparono gli spazi. Un lento declino che lo port\u00f2 vicino alla rovina negli anni 60, ma fino alla svolta del 1971 con <strong>Paul Spinat<\/strong>, imprenditore eccentrico che decise di salvarlo.<\/p>\n<p>Vennero quindi avviati restauri e ricostruzioni con conseguente riapertura al pubblico nel 1973. Nel 1986 arriv\u00f2 la tutela ufficiale come monumento e, negli anni successivi, un restauro accurato coordinato dalla fondazione del <strong>Nord Reno-Westfalia<\/strong> riport\u00f2 la struttura all&#8217;aspetto attuale. Oggi il Drachenburg funziona come <strong>museo della Gr\u00fcnderzeit<\/strong>, epoca di espansione economica tedesca di fine &#8216;800.<\/p>\n<p>Cosa vedere al Castello di Drachenburg<\/p>\n<p>Se l&#8217;esterno del Castello di Drachenburg suggerisce Medioevo, gli interni raccontano un altro periodo storico: sale riccamente decorate, soffitti dipinti e vetrate istoriate ricostruite grazie a fotografie d\u2019epoca. Tra gli ambienti pi\u00f9 sorprendenti c&#8217;\u00e8 senza dubbio la <strong>galleria d&#8217;arte neogotica<\/strong>, trasformata in cappella durante il periodo religioso. La luce filtra attraverso vetri colorati, creando giochi cromatici che cambiano con lo scorrere della giornata.<\/p>\n<blockquote class=\"instagram-media\" data-instgrm-captioned=\"\" data-instgrm-permalink=\"https:\/\/www.instagram.com\/p\/DXmQ5D0HI_M\/?utm_source=ig_embed&amp;utm_campaign=loading\" data-instgrm-version=\"14\" style=\" background:#FFF; border:0; border-radius:3px; box-shadow:0 0 1px 0 rgba(0,0,0,0.5),0 1px 10px 0 rgba(0,0,0,0.15); margin: 1px; max-width:100%; min-width:326px; padding:0; width:99.375%; width:-webkit-calc(100% - 2px); width:calc(100% - 2px);\"\/>\n<p>Le <strong>stanze private<\/strong> mostrano il lato pi\u00f9 intimo del progetto originario, anche se il proprietario non vi abit\u00f2 mai. Dettagli decorativi abbondano, con richiami storici reinterpretati in chiave ottocentesca. All&#8217;esterno, invece, \u00e8 la <strong>Venus Terrace<\/strong> a rappresentare uno dei punti pi\u00f9 scenografici.<\/p>\n<p>Del resto, \u00e8 proprio qui che si trovano i cervi dorati che, contemporaneamente, diventano quasi un simbolo. Da questo punto lo sguardo spazia sul Reno e sulla pianura circostante e, nelle giornate limpide, la sagoma del <strong>Duomo di Colonia<\/strong> compare all&#8217;orizzonte. Il parco merita tempo, anche perch\u00e9 presenta sentieri tra alberi secolari, piccole costruzioni sparse e spazi perfetti per una pausa sull&#8217;erba.<\/p>\n<blockquote class=\"instagram-media\" data-instgrm-captioned=\"\" data-instgrm-permalink=\"https:\/\/www.instagram.com\/p\/DCbkUB0KQuC\/?utm_source=ig_embed&amp;utm_campaign=loading\" data-instgrm-version=\"14\" style=\" background:#FFF; border:0; border-radius:3px; box-shadow:0 0 1px 0 rgba(0,0,0,0.5),0 1px 10px 0 rgba(0,0,0,0.15); margin: 1px; max-width:100%; min-width:326px; padding:0; width:99.375%; width:-webkit-calc(100% - 2px); width:calc(100% - 2px);\"\/>\n<p>In pi\u00f9, durante eventi come il <strong>Festival of Imagination<\/strong> si popola di artisti, acrobati e musicisti che trasformano l&#8217;area in un mondo fantastico. Un&#8217;altra esperienza significativa riguarda la salita verso il <strong>Drachenfels<\/strong>, altura considerata tra le pi\u00f9 frequentate del Paese. Sulla cima restano le rovine di un castello medievale del XII secolo, con un vista che amplia ulteriormente l&#8217;orizzonte sul fiume.<\/p>\n<p>Chi cerca un&#8217;esperienza pi\u00f9 rilassata pu\u00f2 optare per le <strong>visite guidate<\/strong>. Durano tra 45 e 120 minuti e permettono di approfondire dettagli storici, architettonici e curiosit\u00e0 legate alla vita domestica dell&#8217;epoca.<\/p>\n<p>Dove si trova e come arrivare<\/p>\n<p>Il Castello di Drachenburg si trova sopra <strong>K\u00f6nigswinter,<\/strong> lungo la valle del Reno, all&#8217;interno di un&#8217;area naturale protetta. La posizione contribuisce al suo fascino, anche se richiede un minimo di organizzazione. Dal centro abitato si pu\u00f2 salire lungo un sentiero chiamato <strong>Eselsweg<\/strong>. Ci vogliono circa 30 minuti tra boschi e scorci panoramici che conducono all&#8217;ingresso.<\/p>\n<p>L&#8217;alternativa pi\u00f9 comoda passa per la <strong>Drachenfelsbahn<\/strong>, una storica ferrovia a cremagliera tra le pi\u00f9 antiche di tutta la Germania. Parte dalla valle e raggiunge la zona del maniero con un percorso ripido e suggestivo. Chi prosegue fino alla cima del Drachenfels trova un ristorante panoramico ideale per una pausa prima della discesa.<\/p>\n<p>Il periodo natalizio offre un&#8217;atmosfera particolare grazie ai mercatini dell&#8217;Avvento. Tuttavia, anche l&#8217;estate regala momenti intensi, soprattutto durante <strong>eventi culturali<\/strong> nel parco.<\/p>\n<p><strong>Schloss Drachenburg<\/strong> (cos\u00ec \u00e8 chiamato in tedesco) resta difficile da definire con una sola parola: qualcuno lo descrive come una &#8220;torta architettonica&#8221;, altri come un castello da fiaba. La verit\u00e0 sta nel mezzo, perch\u00e9 quel che \u00e8 certo \u00e8 che si tratta di una creazione fuori scala, nata da un sogno personale e sopravvissuta a decenni complicati.<\/p>\n<p>\t<script async src=\"\/\/www.instagram.com\/embed.js\"><\/script><\/p>\n","protected":false},"excerpt":{"rendered":"Un profilo che sembra il frutto della fantasia pi\u00f9 fervida appare tra gli alberi del massiccio dei Siebengebirge,&hellip;\n","protected":false},"author":3,"featured_media":471524,"comment_status":"","ping_status":"","sticky":false,"template":"","format":"standard","meta":{"footnotes":"","_share_on_mastodon":"0"},"categories":[160],"tags":[20452,5856,14,164,165,5857,166,7,15,28258,11,167,12,168,33367,161,162,163],"class_list":["post-471523","post","type-post","status-publish","format-standard","has-post-thumbnail","category-mondo","tag-castelli","tag-citta-darte","tag-cronaca","tag-dal-mondo","tag-dalmondo","tag-itinerari-culturali","tag-mondo","tag-news","tag-notizie","tag-posti-incredibili","tag-ultime-notizie","tag-ultime-notizie-di-mondo","tag-ultimenotizie","tag-ultimenotiziedimondo","tag-viaggi-romantici","tag-world","tag-world-news","tag-worldnews"],"share_on_mastodon":{"url":"https:\/\/pubeurope.com\/@it\/116507078011755363","error":""},"_links":{"self":[{"href":"https:\/\/www.europesays.com\/it\/wp-json\/wp\/v2\/posts\/471523","targetHints":{"allow":["GET"]}}],"collection":[{"href":"https:\/\/www.europesays.com\/it\/wp-json\/wp\/v2\/posts"}],"about":[{"href":"https:\/\/www.europesays.com\/it\/wp-json\/wp\/v2\/types\/post"}],"author":[{"embeddable":true,"href":"https:\/\/www.europesays.com\/it\/wp-json\/wp\/v2\/users\/3"}],"replies":[{"embeddable":true,"href":"https:\/\/www.europesays.com\/it\/wp-json\/wp\/v2\/comments?post=471523"}],"version-history":[{"count":0,"href":"https:\/\/www.europesays.com\/it\/wp-json\/wp\/v2\/posts\/471523\/revisions"}],"wp:featuredmedia":[{"embeddable":true,"href":"https:\/\/www.europesays.com\/it\/wp-json\/wp\/v2\/media\/471524"}],"wp:attachment":[{"href":"https:\/\/www.europesays.com\/it\/wp-json\/wp\/v2\/media?parent=471523"}],"wp:term":[{"taxonomy":"category","embeddable":true,"href":"https:\/\/www.europesays.com\/it\/wp-json\/wp\/v2\/categories?post=471523"},{"taxonomy":"post_tag","embeddable":true,"href":"https:\/\/www.europesays.com\/it\/wp-json\/wp\/v2\/tags?post=471523"}],"curies":[{"name":"wp","href":"https:\/\/api.w.org\/{rel}","templated":true}]}}