{"id":471929,"date":"2026-05-03T04:26:11","date_gmt":"2026-05-03T04:26:11","guid":{"rendered":"https:\/\/www.europesays.com\/it\/471929\/"},"modified":"2026-05-03T04:26:11","modified_gmt":"2026-05-03T04:26:11","slug":"rimini-scalda-i-motori-per-vasco-parte-lallestimento-allo-stadio","status":"publish","type":"post","link":"https:\/\/www.europesays.com\/it\/471929\/","title":{"rendered":"Rimini scalda i motori per Vasco. Parte l\u2019allestimento allo stadio"},"content":{"rendered":"<p>Partito il conto alla rovescia per il ritorno di <strong>Vasco Rossi<\/strong> a <strong>Rimini<\/strong>. Il 30 maggio il \u2019Blasco\u2019 dar\u00e0 il via al suo nuovo <strong>tour<\/strong> con il primo <strong>concerto<\/strong> allo stadio \u2019<strong>Romeo Neri<\/strong>\u2019, proprio com\u2019era avvenuto nel 2023. La febbre per il ritorno di Vasco \u00e8 sempre pi\u00f9 alta in citt\u00e0. Tutti esauriti i biglietti per il concerto del 30, cos\u00ec come non ci sono pi\u00f9 posti disponibili per la serata del 29, quando Vasco e la sua band faranno la prova generale aperta allo stadio riservata esclusivamente agli iscritti al \u2019Blasco fan club\u2019. Tra il soundcheck del 29 maggio e il concerto del 30, saranno complessivamente pi\u00f9 di 40mila gli spettatori al \u2019Romeo Neri\u2019.<\/p>\n<p>Da domani allo stadio partiranno i lavori di allestimento del palco e degli impianti per lo show. Sono in arrivo 35 tir. Una macchina imponente, come sempre quando si parla di Vasco. Alcune delle attrezzature che saranno montate allo stadio, comprese le coperture del campo di calcio e della pista d\u2019atletica, saranno le stesse che verranno utilizzate per il concerto di Achille Lauro, che si esibir\u00e0 a Rimini il 7 giugno, una settimana dopo lo show del Komandante.<\/p>\n<p>Nel frattempo, Vasco sta facendo le prove del tour al chiuso in Puglia, in una discoteca di Castellaneta Marina. Per lui \u00e8 diventata una tradizione, gli porta fortuna. Per vederlo a Rimini servir\u00e0 ancora qualche giorno. L\u2019arrivo del rocker in citt\u00e0 \u00e8 atteso tra il 15 e il 20 maggio, non prima. Come sempre Vasco allogger\u00e0 al Grand Hotel, da anni il suo buen retiro in Romagna. Prepariamoci all\u2019assedio dei fan allo stadio e al Grand Hotel, a caccia di autografi e di selfie con il loro idolo. E magari \u2013 come accaduto nel 2023 e in altre occasioni \u2013 Vasco si conceder\u00e0 anche qualche giro in bicicletta al mare e al parco Marecchia.<\/p>\n","protected":false},"excerpt":{"rendered":"Partito il conto alla rovescia per il ritorno di Vasco Rossi a Rimini. Il 30 maggio il \u2019Blasco\u2019&hellip;\n","protected":false},"author":3,"featured_media":471930,"comment_status":"","ping_status":"","sticky":false,"template":"","format":"standard","meta":{"footnotes":"","_share_on_mastodon":"0"},"categories":[1443],"tags":[89515,203,204,1537,90,89,4628,1538,1539,10973,73006,2957,18122],"class_list":["post-471929","post","type-post","status-publish","format-standard","has-post-thumbnail","category-musica","tag-allestimento","tag-entertainment","tag-intrattenimento","tag-it","tag-italia","tag-italy","tag-motori","tag-music","tag-musica","tag-rimini","tag-scalda","tag-stadio","tag-vasco"],"share_on_mastodon":{"url":"https:\/\/pubeurope.com\/@it\/116508752970995119","error":""},"_links":{"self":[{"href":"https:\/\/www.europesays.com\/it\/wp-json\/wp\/v2\/posts\/471929","targetHints":{"allow":["GET"]}}],"collection":[{"href":"https:\/\/www.europesays.com\/it\/wp-json\/wp\/v2\/posts"}],"about":[{"href":"https:\/\/www.europesays.com\/it\/wp-json\/wp\/v2\/types\/post"}],"author":[{"embeddable":true,"href":"https:\/\/www.europesays.com\/it\/wp-json\/wp\/v2\/users\/3"}],"replies":[{"embeddable":true,"href":"https:\/\/www.europesays.com\/it\/wp-json\/wp\/v2\/comments?post=471929"}],"version-history":[{"count":0,"href":"https:\/\/www.europesays.com\/it\/wp-json\/wp\/v2\/posts\/471929\/revisions"}],"wp:featuredmedia":[{"embeddable":true,"href":"https:\/\/www.europesays.com\/it\/wp-json\/wp\/v2\/media\/471930"}],"wp:attachment":[{"href":"https:\/\/www.europesays.com\/it\/wp-json\/wp\/v2\/media?parent=471929"}],"wp:term":[{"taxonomy":"category","embeddable":true,"href":"https:\/\/www.europesays.com\/it\/wp-json\/wp\/v2\/categories?post=471929"},{"taxonomy":"post_tag","embeddable":true,"href":"https:\/\/www.europesays.com\/it\/wp-json\/wp\/v2\/tags?post=471929"}],"curies":[{"name":"wp","href":"https:\/\/api.w.org\/{rel}","templated":true}]}}