{"id":471947,"date":"2026-05-03T04:35:14","date_gmt":"2026-05-03T04:35:14","guid":{"rendered":"https:\/\/www.europesays.com\/it\/471947\/"},"modified":"2026-05-03T04:35:14","modified_gmt":"2026-05-03T04:35:14","slug":"formula-1-e-ufficiale-gp-di-miami-anticipato-per-allerta-meteo-il-via-alle-19","status":"publish","type":"post","link":"https:\/\/www.europesays.com\/it\/471947\/","title":{"rendered":"Formula 1, \u00e8 ufficiale: GP di Miami anticipato per allerta meteo, il via alle 19"},"content":{"rendered":"<p>                                La Formula 1 cambia orari: a causa del maltempo previsto a Miami il Gran Premio scatter\u00e0 con tre ore di anticipo rispetto al programma iniziale\u00a0<\/p>\n<p class=\"paragraph\" spellcheck=\"true\">Dopo un fine settimana di caldo e sole il maltempo \u00e8 arrivato in Florida, a disturbare i piani della Formula 1 per il grande evento domenicale: il Gran Premio di Miami, inizialmente programmato per le ore 16 locali (le 22 italiane). Il picco di precipitazioni, con il rischio di tempeste di fulmini, \u00e8 per\u00f2 atteso proprio nel pomeriggio americano, al centro di quello che dovrebbe essere il programma della gara di F.1. La massima serie, reduce dalla cancellazione di due Gran Premi ad aprile a causa dei conflitti in Medio Oriente che hanno reso impossibile lo svolgimento degli appuntamenti in Bahrain e Arabia Saudita, \u00e8 stata cos\u00ec costretta a trovare una soluzione sicura per il corretto svolgimento della gara, al fine di non rischiare un&#8217;altra cancellazione di gara a causa del maltempo.\u00a0<\/p>\n<p>        si cambia ora\u2014 \u00a0<\/p>\n<p class=\"paragraph\" spellcheck=\"true\">Nel corso di tutto il fine settimana di gara la Federazione e la FOM hanno monitorato con attenzione i cambiamenti delle previsioni meteo, vagliando ogni possibilit\u00e0 sul tavolo dell&#8217;organizzazione e quella ritenuta migliore, sia per le squadre che per tutti i detentori di diritti televisivi coinvolti, \u00e8 stata proprio anticipare la gara di alcune ore, come dichiarato nel comunicato ufficiale arrivato nella notte italiana: &#8220;A\u00a0seguito delle discussioni intercorse tra la FIA, la FOM e il promotore del Gran Premio di Miami, \u00e8 stata presa la decisione di anticipare la partenza del Gran Premio di Miami di domenica alle ore 13:00 (le 19 italiane), in considerazione delle previsioni meteorologiche che indicano l&#8217;arrivo di forti piogge nel tardo pomeriggio, in prossimit\u00e0 dell&#8217;orario di inizio gara originariamente programmato.   Tale decisione \u00e8 stata adottata al fine di ridurre al minimo le interruzioni della gara, di garantire il pi\u00f9 ampio margine di tempo possibile per il completamento del Gran Premio nelle migliori condizioni e di dare priorit\u00e0 alla sicurezza dei piloti, dei tifosi, delle squadre e del personale&#8221;.<\/p>\n","protected":false},"excerpt":{"rendered":"La Formula 1 cambia orari: a causa del maltempo previsto a Miami il Gran Premio scatter\u00e0 con tre&hellip;\n","protected":false},"author":3,"featured_media":471948,"comment_status":"","ping_status":"","sticky":false,"template":"","format":"standard","meta":{"footnotes":"","_share_on_mastodon":"0"},"categories":[6],"tags":[26381,3077,6195,11844,1048,129734,14,1368,218945,3341,629,3336,3371,263004,8,1537,90,4946,89,437,419,9768,7,15,82,9,83,10,427,776,263005,13,11,80,84,12,81,85],"class_list":["post-471947","post","type-post","status-publish","format-standard","has-post-thumbnail","category-ultime-notizie","tag-anticipare","tag-arrivato","tag-cambia","tag-cancellazione","tag-causa","tag-causa-maltempo","tag-cronaca","tag-decisione","tag-fom","tag-formula","tag-gara","tag-gran","tag-gran-premio","tag-gran-premio-miami","tag-headlines","tag-it","tag-italia","tag-italiane","tag-italy","tag-maltempo","tag-meteo","tag-miami","tag-news","tag-notizie","tag-notizie-di-cronaca","tag-notizie-principali","tag-notiziedicronaca","tag-notizieprincipali","tag-pomeriggio","tag-premio","tag-premio-miami","tag-titoli","tag-ultime-notizie","tag-ultime-notizie-di-cronaca","tag-ultime-notizie-e-news-di-oggi","tag-ultimenotizie","tag-ultimenotiziedicronaca","tag-ultimenotizieenewsdioggi"],"share_on_mastodon":{"url":"","error":"Validation failed: Text character limit of 500 exceeded"},"_links":{"self":[{"href":"https:\/\/www.europesays.com\/it\/wp-json\/wp\/v2\/posts\/471947","targetHints":{"allow":["GET"]}}],"collection":[{"href":"https:\/\/www.europesays.com\/it\/wp-json\/wp\/v2\/posts"}],"about":[{"href":"https:\/\/www.europesays.com\/it\/wp-json\/wp\/v2\/types\/post"}],"author":[{"embeddable":true,"href":"https:\/\/www.europesays.com\/it\/wp-json\/wp\/v2\/users\/3"}],"replies":[{"embeddable":true,"href":"https:\/\/www.europesays.com\/it\/wp-json\/wp\/v2\/comments?post=471947"}],"version-history":[{"count":0,"href":"https:\/\/www.europesays.com\/it\/wp-json\/wp\/v2\/posts\/471947\/revisions"}],"wp:featuredmedia":[{"embeddable":true,"href":"https:\/\/www.europesays.com\/it\/wp-json\/wp\/v2\/media\/471948"}],"wp:attachment":[{"href":"https:\/\/www.europesays.com\/it\/wp-json\/wp\/v2\/media?parent=471947"}],"wp:term":[{"taxonomy":"category","embeddable":true,"href":"https:\/\/www.europesays.com\/it\/wp-json\/wp\/v2\/categories?post=471947"},{"taxonomy":"post_tag","embeddable":true,"href":"https:\/\/www.europesays.com\/it\/wp-json\/wp\/v2\/tags?post=471947"}],"curies":[{"name":"wp","href":"https:\/\/api.w.org\/{rel}","templated":true}]}}