{"id":471953,"date":"2026-05-03T04:49:26","date_gmt":"2026-05-03T04:49:26","guid":{"rendered":"https:\/\/www.europesays.com\/it\/471953\/"},"modified":"2026-05-03T04:49:26","modified_gmt":"2026-05-03T04:49:26","slug":"ho-passato-anni-sotto-choc","status":"publish","type":"post","link":"https:\/\/www.europesays.com\/it\/471953\/","title":{"rendered":"\u00abHo passato anni sotto choc\u00bb"},"content":{"rendered":"<p>                La carriera decennale <\/p>\n<p><img decoding=\"async\" alt=\"\" src=\"https:\/\/www.europesays.com\/it\/wp-content\/uploads\/2026\/05\/versace3_30145005.jpg\"\/><\/p>\n<p>La carriera di <a href=\"https:\/\/www.leggo.it\/t\/donatella-versace\" rel=\"nofollow noopener\" target=\"_blank\">Donatella Versace<\/a> \u00e8 cominciata accanto a Gianni, ma non resta mai solo \u00abaccanto\u00bb. Prima lavorava sull&#8217;immagine, sulle pubbliche relazioni e sul rapporto con le celebrity, poi \u00e8 diventata una forza creativa autonoma. Il suo nome \u00e8 legato a momenti entrati nella cultura pop, come il celebre <strong>Jungle Dress<\/strong> indossato da <a href=\"https:\/\/www.leggo.it\/t\/jennifer-lopez\" rel=\"nofollow noopener\" target=\"_blank\">Jennifer Lopez<\/a> ai Grammy del 2000. Sotto la sua guida, Versace ha rafforzato il legame con star come Madonna, Beyonc\u00e9, Lady Gaga e Jennifer Lopez, trasformando la passerella in un palcoscenico globale. Alla Triennale di Milano, durante un dialogo con Anna Wintour, ha riassunto la sua idea di moda cos\u00ec: \u00abPenso che la moda sia creativit\u00e0 e la creativit\u00e0 sia istinto\u00bb. Il passaggio pi\u00f9 recente \u00e8 arrivato nel marzo 2025 quando ha lasciato il ruolo di Chief Creative Officer ed \u00e8 diventata Chief Brand Ambassador dal primo aprile. Al suo posto \u00e8 stato nominato <strong>Dario Vitale<\/strong>, gi\u00e0 Design and Image Director di Miu Miu. Nel comunicato ufficiale, Donatella ha detto: \u00ab\u00c8 <strong>stato il pi\u00f9 grande onore della mia vita portare avanti l&#8217;eredit\u00e0 di mio fratello Gianni<\/strong>\u00bb. Ha aggiunto: \u00abLui era il vero genio, ma spero di avere un po&#8217; del suo spirito e della sua tenacia\u00bb. Poche settimane dopo, il Gruppo Prada ha annunciato l&#8217;accordo per acquisire il 100% di Versace da Capri Holdings, per un enterprise value di 1,25 miliardi di euro. Non \u00e8 la fine del suo legame con la maison: \u00e8 un cambio di ruolo, dentro una nuova era.<\/p>\n","protected":false},"excerpt":{"rendered":"La carriera decennale La carriera di Donatella Versace \u00e8 cominciata accanto a Gianni, ma non resta mai solo&hellip;\n","protected":false},"author":3,"featured_media":470572,"comment_status":"","ping_status":"","sticky":false,"template":"","format":"standard","meta":{"footnotes":"","_share_on_mastodon":"0"},"categories":[1451],"tags":[1621,1620,53764,203,204,1537,90,89],"class_list":["post-471953","post","type-post","status-publish","format-standard","has-post-thumbnail","category-celebrita","tag-celebrita","tag-celebrities","tag-donatella-versace","tag-entertainment","tag-intrattenimento","tag-it","tag-italia","tag-italy"],"share_on_mastodon":{"url":"https:\/\/pubeurope.com\/@it\/116508844627328429","error":""},"_links":{"self":[{"href":"https:\/\/www.europesays.com\/it\/wp-json\/wp\/v2\/posts\/471953","targetHints":{"allow":["GET"]}}],"collection":[{"href":"https:\/\/www.europesays.com\/it\/wp-json\/wp\/v2\/posts"}],"about":[{"href":"https:\/\/www.europesays.com\/it\/wp-json\/wp\/v2\/types\/post"}],"author":[{"embeddable":true,"href":"https:\/\/www.europesays.com\/it\/wp-json\/wp\/v2\/users\/3"}],"replies":[{"embeddable":true,"href":"https:\/\/www.europesays.com\/it\/wp-json\/wp\/v2\/comments?post=471953"}],"version-history":[{"count":0,"href":"https:\/\/www.europesays.com\/it\/wp-json\/wp\/v2\/posts\/471953\/revisions"}],"wp:featuredmedia":[{"embeddable":true,"href":"https:\/\/www.europesays.com\/it\/wp-json\/wp\/v2\/media\/470572"}],"wp:attachment":[{"href":"https:\/\/www.europesays.com\/it\/wp-json\/wp\/v2\/media?parent=471953"}],"wp:term":[{"taxonomy":"category","embeddable":true,"href":"https:\/\/www.europesays.com\/it\/wp-json\/wp\/v2\/categories?post=471953"},{"taxonomy":"post_tag","embeddable":true,"href":"https:\/\/www.europesays.com\/it\/wp-json\/wp\/v2\/tags?post=471953"}],"curies":[{"name":"wp","href":"https:\/\/api.w.org\/{rel}","templated":true}]}}