{"id":472016,"date":"2026-05-03T06:10:22","date_gmt":"2026-05-03T06:10:22","guid":{"rendered":"https:\/\/www.europesays.com\/it\/472016\/"},"modified":"2026-05-03T06:10:22","modified_gmt":"2026-05-03T06:10:22","slug":"buchanan-gol-al-villarreal-e-ancora-dellinter-le-condizioni-di-cessione","status":"publish","type":"post","link":"https:\/\/www.europesays.com\/it\/472016\/","title":{"rendered":"Buchanan gol al Villarreal: \u00e8 ancora dell&#8217;Inter? Le condizioni di cessione"},"content":{"rendered":"<p>Il Villarreal torna in Champions League matematicamente. Il Submarino Amarillo, con il 5-1 al Levante, ha blindato il suo posto<\/p>\n<p>Il Villarreal torna in Champions League matematicamente. Il Submarino Amarillo, con il 5-1 al Levante, ha blindato il suo posto nella massima competizione europea. Tra i protagonisti della stagione, anche l&#8217;ex interista Tajon Buchanan, che sembra aver trovato la sua dimensione nella Liga Spagnola. Per lui, un gran gol contro il Levante e 7 reti in campionato.<\/p>\n<p>Il canadese \u00e8 stato autentica meteora all&#8217;Inter ma nel Villarreal \u00e8 tornato protagonista. Ma l&#8217;Inter ha ancora, in qualche modo, il controllo sul giocatore? La risposta \u00e8 no: la cessione \u00e8 stata a titolo definitivo ma con percentuale.<\/p>\n<p><strong>Cessione dunque a titolo definitivo, sulla base di 9 milioni di euro pi\u00f9 il 20% sulla futura rivendita<\/strong>: queste le condizioni dell\u2019operazione. L\u2019Inter ha dunque una percentuale sulla rivendita dell\u2019esterno, ma non lo controlla pi\u00f9.<\/p>\n<p class=\"is-copyright\">\u00a9 RIPRODUZIONE RISERVATA<\/p>\n","protected":false},"excerpt":{"rendered":"Il Villarreal torna in Champions League matematicamente. Il Submarino Amarillo, con il 5-1 al Levante, ha blindato il&hellip;\n","protected":false},"author":3,"featured_media":472017,"comment_status":"","ping_status":"","sticky":false,"template":"","format":"standard","meta":{"footnotes":"","_share_on_mastodon":"0"},"categories":[1452],"tags":[263027,263028,263029,22953,8525,721,571,1969,1740,350,1537,90,89,31424,1739,245,244,8524],"class_list":["post-472016","post","type-post","status-publish","format-standard","has-post-thumbnail","category-calcio","tag-amarillo","tag-amarillo-levante","tag-amarillo-levante-blindato","tag-blindato","tag-buchanan","tag-calcio","tag-cessione","tag-champions","tag-football","tag-inter","tag-it","tag-italia","tag-italy","tag-levante","tag-soccer","tag-sport","tag-sports","tag-villarreal"],"share_on_mastodon":{"url":"https:\/\/pubeurope.com\/@it\/116509162075729660","error":""},"_links":{"self":[{"href":"https:\/\/www.europesays.com\/it\/wp-json\/wp\/v2\/posts\/472016","targetHints":{"allow":["GET"]}}],"collection":[{"href":"https:\/\/www.europesays.com\/it\/wp-json\/wp\/v2\/posts"}],"about":[{"href":"https:\/\/www.europesays.com\/it\/wp-json\/wp\/v2\/types\/post"}],"author":[{"embeddable":true,"href":"https:\/\/www.europesays.com\/it\/wp-json\/wp\/v2\/users\/3"}],"replies":[{"embeddable":true,"href":"https:\/\/www.europesays.com\/it\/wp-json\/wp\/v2\/comments?post=472016"}],"version-history":[{"count":0,"href":"https:\/\/www.europesays.com\/it\/wp-json\/wp\/v2\/posts\/472016\/revisions"}],"wp:featuredmedia":[{"embeddable":true,"href":"https:\/\/www.europesays.com\/it\/wp-json\/wp\/v2\/media\/472017"}],"wp:attachment":[{"href":"https:\/\/www.europesays.com\/it\/wp-json\/wp\/v2\/media?parent=472016"}],"wp:term":[{"taxonomy":"category","embeddable":true,"href":"https:\/\/www.europesays.com\/it\/wp-json\/wp\/v2\/categories?post=472016"},{"taxonomy":"post_tag","embeddable":true,"href":"https:\/\/www.europesays.com\/it\/wp-json\/wp\/v2\/tags?post=472016"}],"curies":[{"name":"wp","href":"https:\/\/api.w.org\/{rel}","templated":true}]}}