{"id":472076,"date":"2026-05-03T07:17:17","date_gmt":"2026-05-03T07:17:17","guid":{"rendered":"https:\/\/www.europesays.com\/it\/472076\/"},"modified":"2026-05-03T07:17:17","modified_gmt":"2026-05-03T07:17:17","slug":"il-papa-alla-guida-morto-sul-colpo-figlio-sbalzato-a-30-metri","status":"publish","type":"post","link":"https:\/\/www.europesays.com\/it\/472076\/","title":{"rendered":"il pap\u00e0 alla guida morto sul colpo, figlio sbalzato a 30 metri"},"content":{"rendered":"<p>\n                            Gli eventi del fine settimana, ogni gioved\u00ec<br \/>\n                            <b>Iscriviti<\/b> e ricevi le notizie via email\n                        <\/p>\n<p>Scontro mortale lungo via della Campana, alla periferia di\u00a0<strong><a href=\"https:\/\/www.ilmessaggero.it\/t\/nettuno\" rel=\"nofollow noopener\" target=\"_blank\">Nettuno<\/a><\/strong>\u00a0(Roma),\u00a0dove un uomo ha perso la vita e il figlio \u00e8 rimasto gravemente ferito in un violento <strong><a href=\"https:\/\/www.ilmessaggero.it\/t\/incidente\" rel=\"nofollow noopener\" target=\"_blank\">incidente<\/a><\/strong> stradale avvenuto nel tardo pomeriggio di sabato 2 maggio 2026.<\/p>\n<p>Secondo una prima ricostruzione,\u00a0padre e figlio stavano viaggiando affiancati su due moto diverse\u00a0\u2014 una Honda 1000 e una Aprilia 125 \u2014 quando, dopo aver lasciato la rotonda di Piscina Cardillo, si sono trovati davanti un\u2019autovettura intenta a svoltare in via Taormina. L\u2019impatto \u00e8 stato inevitabile e violentissimo: le moto non sono riuscite a frenare in tempo.<\/p>\n<p>&#13;<br \/>\n    APPROFONDIMENTI&#13;<\/p>\n<p>&#13;<\/p>\n<p>                <a href=\"https:\/\/www.ilmessaggero.it\/italia\/samantha_lacedonia_muore_incidente_primo_giorno_lavoro_brindisi-9507687.html\" title=\"Samantha Lacedonia muore a 21 anni\" rel=\"nofollow noopener\" target=\"_blank\"><img loading=\"lazy\" decoding=\"async\" src=\"https:\/\/www.europesays.com\/it\/wp-content\/uploads\/2026\/05\/9507687_02192841_immagine_2026_05_02_192831.jpg\" title=\"Samantha Lacedonia muore a 21 anni\" width=\"64\" height=\"64\" data-pagespeed-no-transform=\"\"\/><\/a>            <\/p>\n<p>    &#13;<\/p>\n<p>&#13;<\/p>\n<p>                <a href=\"https:\/\/www.ilmessaggero.it\/roma\/metropoli\/nettuno_incidente_morto_cosa_e_successo-9206285.html\" title=\"Incidente nella notte a Nettuno\" rel=\"nofollow noopener\" target=\"_blank\"><img loading=\"lazy\" decoding=\"async\" src=\"https:\/\/www.europesays.com\/it\/wp-content\/uploads\/2026\/05\/9206285_23123246_img_20251123_wa0047.jpg\" title=\"Incidente nella notte a Nettuno\" width=\"64\" height=\"64\" data-pagespeed-no-transform=\"\"\/><\/a>            <\/p>\n<p>    &#13;<\/p>\n<p>    &#13;<\/p>\n<p>La Honda 1000, guidata dal padre, ha centrato la parte anteriore sinistra dell\u2019auto. <\/p>\n<p>La seconda moto, quella del figlio, ha invece colpito il lato destro della carreggiata, schiantandosi contro il muretto di recinzione di un\u2019abitazione e spezzandosi in due.\u00a0L\u2019uomo \u00e8 morto sul colpo a causa delle gravi ferite riportate. Il figlio \u00e8 stato sbalzato a circa 30 metri di distanza, riportando fratture multiple ed \u00e8 stato trasportato d\u2019urgenza in ospedale.<\/p>\n<p>Le sue condizioni sono serie. Sul posto sono intervenuti gli inquirenti per i rilievi: restano ancora da chiarire con precisione le dinamiche dell\u2019impatto e le responsabilit\u00e0 della svolta dell\u2019automobilista coinvolto.<\/p>\n<p>\u00a0<\/p>\n<p>&#13;<br \/>\n                            \u00a9 RIPRODUZIONE RISERVATA&#13;<\/p>\n<p>&#13;<\/p>\n","protected":false},"excerpt":{"rendered":"Gli eventi del fine settimana, ogni gioved\u00ec Iscriviti e ricevi le notizie via email Scontro mortale lungo via&hellip;\n","protected":false},"author":3,"featured_media":472077,"comment_status":"","ping_status":"","sticky":false,"template":"","format":"standard","meta":{"footnotes":"","_share_on_mastodon":"0"},"categories":[79],"tags":[14,93,94,298,1537,90,89,11227,7,15,243,11,84,91,12,85,92],"class_list":["post-472076","post","type-post","status-publish","format-standard","has-post-thumbnail","category-italia","tag-cronaca","tag-cronaca-italiana","tag-cronacaitaliana","tag-incidente","tag-it","tag-italia","tag-italy","tag-nettuno","tag-news","tag-notizie","tag-ultima-ora","tag-ultime-notizie","tag-ultime-notizie-e-news-di-oggi","tag-ultime-notizie-italia","tag-ultimenotizie","tag-ultimenotizieenewsdioggi","tag-ultimenotizieitalia"],"share_on_mastodon":{"url":"https:\/\/pubeurope.com\/@it\/116509425928845409","error":""},"_links":{"self":[{"href":"https:\/\/www.europesays.com\/it\/wp-json\/wp\/v2\/posts\/472076","targetHints":{"allow":["GET"]}}],"collection":[{"href":"https:\/\/www.europesays.com\/it\/wp-json\/wp\/v2\/posts"}],"about":[{"href":"https:\/\/www.europesays.com\/it\/wp-json\/wp\/v2\/types\/post"}],"author":[{"embeddable":true,"href":"https:\/\/www.europesays.com\/it\/wp-json\/wp\/v2\/users\/3"}],"replies":[{"embeddable":true,"href":"https:\/\/www.europesays.com\/it\/wp-json\/wp\/v2\/comments?post=472076"}],"version-history":[{"count":0,"href":"https:\/\/www.europesays.com\/it\/wp-json\/wp\/v2\/posts\/472076\/revisions"}],"wp:featuredmedia":[{"embeddable":true,"href":"https:\/\/www.europesays.com\/it\/wp-json\/wp\/v2\/media\/472077"}],"wp:attachment":[{"href":"https:\/\/www.europesays.com\/it\/wp-json\/wp\/v2\/media?parent=472076"}],"wp:term":[{"taxonomy":"category","embeddable":true,"href":"https:\/\/www.europesays.com\/it\/wp-json\/wp\/v2\/categories?post=472076"},{"taxonomy":"post_tag","embeddable":true,"href":"https:\/\/www.europesays.com\/it\/wp-json\/wp\/v2\/tags?post=472076"}],"curies":[{"name":"wp","href":"https:\/\/api.w.org\/{rel}","templated":true}]}}