{"id":472082,"date":"2026-05-03T07:31:19","date_gmt":"2026-05-03T07:31:19","guid":{"rendered":"https:\/\/www.europesays.com\/it\/472082\/"},"modified":"2026-05-03T07:31:19","modified_gmt":"2026-05-03T07:31:19","slug":"inter-lo-scudetto-contro-il-parma-il-piano-di-san-siro","status":"publish","type":"post","link":"https:\/\/www.europesays.com\/it\/472082\/","title":{"rendered":"Inter, lo scudetto contro il Parma: il piano di San Siro"},"content":{"rendered":"<p>                                Con il Parma stadio pieno ad aspettare il 21\u00b0 titolo. Il Toro in panchina, ma ci tiene a mettere piede in campo<\/p>\n<p>            <a class=\"image is-50x50\" href=\"https:\/\/www.gazzetta.it\/redazione\/roberto-maida\/\" rel=\"nofollow noopener\" target=\"_blank\"><br \/>\n                <img decoding=\"async\" class=\"is-rounded\" src=\"https:\/\/www.europesays.com\/it\/wp-content\/uploads\/2026\/03\/roberto-maida-avatar-new.png\" alt=\"Roberto Maida\"\/><br \/>\n            <\/a><\/p>\n<p>Giornalista<\/p>\n<p>                    3 maggio &#8211; 08:29  &#8211; MILANO<\/p>\n<p class=\"paragraph\" spellcheck=\"true\">Un punto per mettere il punto. Ci siamo davvero, non \u00e8 immaginabile rimandare il sospirato verdetto oltre questa domenica. Il pareggio del Napoli a Como rende insignificante il risultato del Milan in casa del Sassuolo: all\u2019Inter basta non perdere contro il Parma a San Siro per avviare i festeggiamenti del ventunesimo scudetto. Una cosa \u00e8 certa e tutto sommato gradita: Marotta e Chivu non otterranno il placet dell\u2019aritmetica prima di entrare in campo, su un divano della Pinetina. Dovranno aspettare il fischio finale dell\u2019arbitro Bonacina, in una situazione simile a quella che visse l\u2019Inter dei record nel maggio del 1989, sempre con congruo anticipo sulla tabella di marcia. Da allora, 37 anni fa, la certezza tricolore non spunta sul terrazzo di casa. Inzaghi ha vinto il suo scudetto battendo il Milan nel derby, \u00e8 vero, ma quel giorno di due anni fa lo stadio Meazza era imbandierato per tre quarti da drappi rossoneri. Invece il primo titulo di Mourinho, nel 2009, venne determinato a priori dalla sconfitta del Milan a Udine: l\u2019Inter gioc\u00f2 contro il Siena con il solo obiettivo di far segnare Ibrahimovic, lanciato verso il trono dei marcatori prima del trasferimento al Barcellona.\u00a0<\/p>\n<p>    trepidazione\u2014 \u00a0<\/p>\n<p class=\"paragraph is-inline\" spellcheck=\"true\">Stavolta invece San Siro accompagner\u00e0 compatto la tappa conclusiva di un meraviglioso tour, che sempre da queste zolle era partito con il robusto 5-0 al Torino a met\u00e0 agosto. Sar\u00e0 contento soprattutto Chivu, che potr\u00e0 abbracciare i vecchi amici del Parma e in particolare l\u2019amministratore delegato Cherubini senza penalizzarli: la squadra allenata dal puledro spagnolo Cuesta, che sar\u00e0 seguita a Milano da poche centinaia di indomabili appassionati, ha gi\u00e0 conquistato una tranquilla salvezza e dunque si presenta da ospite al party senza troppe aspettative. Come quando rispondi all\u2019invito per questioni di cortesia e poi ti ritrovi con il telefonino a filmare il festeggiato mentre spegne le candeline.\u00a0<\/p>\n<p>    top secret\u2014 \u00a0<\/p>\n<p class=\"paragraph is-inline\" spellcheck=\"true\">Sono 21 quelle piazzate sulla torta dell\u2019Inter, padrona rispettata del campionato per tutto il 2026: la societ\u00e0 ha gi\u00e0 prenotato per stanotte  il brindisi-scudetto in una location cittadina, in attesa delle celebrazioni pubbliche che sono rinviate alla prossima esibizione a San Siro, tra due settimane contro il Verona, quando la Lega consegner\u00e0 a Lautaro la coppa che spetta ai Campioni. A quel punto l\u2019Inter sapr\u00e0 anche se sar\u00e0 riuscita a perfezionare l\u2019accoppiata, campionato pi\u00f9 Coppa Italia, riuscita sul campo nella storia nerazzurra soltanto al gruppo guidato da Jos\u00e9 Mourinho 16 anni fa. Chivu \u00e8 stato attore protagonista come giocatore nella magica stagione 2009-10, in cui venne completato addirittura il triplete con la Champions League, e adesso afferra lo scudetto da allenatore: nell\u2019Inter \u00e8 il secondo a vincere nel doppio ruolo dopo Armando Castellazzi, eroe di un mondo lontano 86 anni.\u00a0<\/p>\n<p>    pienone\u2014 \u00a0<\/p>\n<p class=\"paragraph is-inline\" spellcheck=\"true\">I tifosi intanto si sono mobilitati da tempo per presenziare all\u2019evento, rinunciando alle ultime ore di sole al mare o al lago dopo il ponte del primo maggio: restano poche decine di biglietti per il settore tradizionalmente riservato agli ospiti ma andranno esauriti in giornata; il totale spettatori superer\u00e0 quota 75.000 per un incasso intorno ai 5 milioni, compresa la quota abbonati. \u00c8 prevista sulle tribune una scenografia celebrativa, dopo lo spettacolo cromatico gi\u00e0 esibito contro la Roma e in Coppa Italia contro il Como.\u00a0<\/p>\n<p>    il capitano c&#8217;\u00e8\u2014 \u00a0<\/p>\n<p class=\"paragraph is-inline\" spellcheck=\"true\">A proposito di Coppa Italia, Lautaro ha gi\u00e0 fissato la finale del 13 maggio come unico e ultimo obiettivo della sua stagione con l\u2019Inter. Ma per arrivare alla seconda partita contro la Lazio &#8211; la prova generale sempre all\u2019Olimpico \u00e8 fissata per sabato 9 &#8211; stasera giocher\u00e0 uno spezzone di partita. \u00c8 stato lui a chiederlo, nell\u2019intento di partecipare al gala del terzo personale scudetto, ed \u00e8 stato accontentato.\u00a0\u00c8 probabile che parta dalla panchina e che venga coinvolto nel secondo tempo, con un numero di minuti che minimizzi i rischi di nuovi incidenti: dopo l\u2019infortunio di Bodo a met\u00e0 febbraio Lautaro ha giocato la partita contro la Roma, segnando una doppietta, e poi si \u00e8 fermato di nuovo in allenamento. Non pu\u00f2 permettersi altri stop se vuole arrivare al Mondiale in buone condizioni. Ecco perch\u00e9 ha concordato con i medici un piano di rientro graduale, per concedersi poi la finale come magnifica tentazione. Merita attenzioni e premure, dopo un campionato in cui verr\u00e0 incoronato re dei bomber pur avendo saltato 8 partite.<\/p>\n<p class=\"is-copyright\">\u00a9 RIPRODUZIONE RISERVATA<\/p>\n","protected":false},"excerpt":{"rendered":"Con il Parma stadio pieno ad aspettare il 21\u00b0 titolo. Il Toro in panchina, ma ci tiene a&hellip;\n","protected":false},"author":3,"featured_media":472083,"comment_status":"","ping_status":"","sticky":false,"template":"","format":"standard","meta":{"footnotes":"","_share_on_mastodon":"0"},"categories":[1452],"tags":[5491,263087,263088,346,263089,263090,46395,263091,263092,36,18249,10961,721,1856,921,2839,3705,4297,5006,1426,1740,350,1537,90,89,5826,37835,707,3334,963,553,6048,809,3484,6301,1290,14492,494,9609,2956,987,532,9612,6072,9613,1739,245,244,2957,577,6713,4969],"class_list":["post-472082","post","type-post","status-publish","format-standard","has-post-thumbnail","category-calcio","tag-abbonati","tag-abbonati-prevista","tag-abbonati-prevista-tribune","tag-abbracciare","tag-abbracciare-vecchi","tag-abbracciare-vecchi-amici","tag-accompagnera","tag-accompagnera-compatto","tag-accompagnera-compatto-tappa","tag-arrivare","tag-aspettare","tag-brindisi","tag-calcio","tag-campionato","tag-campo","tag-chivu","tag-como","tag-coppa","tag-coppa-italia","tag-finale","tag-football","tag-inter","tag-it","tag-italia","tag-italy","tag-lautaro","tag-location","tag-maggio","tag-meta","tag-mettere","tag-milan","tag-mourinho","tag-obiettivo","tag-panchina","tag-parma","tag-partita","tag-poche","tag-punto","tag-quota","tag-riuscita","tag-roma","tag-san","tag-san-siro","tag-scudetto","tag-siro","tag-soccer","tag-sport","tag-sports","tag-stadio","tag-stagione","tag-venne","tag-vuole"],"share_on_mastodon":{"url":"","error":"Validation failed: Text character limit of 500 exceeded"},"_links":{"self":[{"href":"https:\/\/www.europesays.com\/it\/wp-json\/wp\/v2\/posts\/472082","targetHints":{"allow":["GET"]}}],"collection":[{"href":"https:\/\/www.europesays.com\/it\/wp-json\/wp\/v2\/posts"}],"about":[{"href":"https:\/\/www.europesays.com\/it\/wp-json\/wp\/v2\/types\/post"}],"author":[{"embeddable":true,"href":"https:\/\/www.europesays.com\/it\/wp-json\/wp\/v2\/users\/3"}],"replies":[{"embeddable":true,"href":"https:\/\/www.europesays.com\/it\/wp-json\/wp\/v2\/comments?post=472082"}],"version-history":[{"count":0,"href":"https:\/\/www.europesays.com\/it\/wp-json\/wp\/v2\/posts\/472082\/revisions"}],"wp:featuredmedia":[{"embeddable":true,"href":"https:\/\/www.europesays.com\/it\/wp-json\/wp\/v2\/media\/472083"}],"wp:attachment":[{"href":"https:\/\/www.europesays.com\/it\/wp-json\/wp\/v2\/media?parent=472082"}],"wp:term":[{"taxonomy":"category","embeddable":true,"href":"https:\/\/www.europesays.com\/it\/wp-json\/wp\/v2\/categories?post=472082"},{"taxonomy":"post_tag","embeddable":true,"href":"https:\/\/www.europesays.com\/it\/wp-json\/wp\/v2\/tags?post=472082"}],"curies":[{"name":"wp","href":"https:\/\/api.w.org\/{rel}","templated":true}]}}