{"id":472220,"date":"2026-05-03T09:42:12","date_gmt":"2026-05-03T09:42:12","guid":{"rendered":"https:\/\/www.europesays.com\/it\/472220\/"},"modified":"2026-05-03T09:42:12","modified_gmt":"2026-05-03T09:42:12","slug":"sinner-vagnozzi-sulle-sue-condizioni-e-su-roma","status":"publish","type":"post","link":"https:\/\/www.europesays.com\/it\/472220\/","title":{"rendered":"Sinner, Vagnozzi sulle sue condizioni e su Roma"},"content":{"rendered":"<p>                                Il tecnico sulle condizioni del n.1 al mondo: &#8220;Siamo dove vogliamo essere. Jannik non ha ancora raggiunto il suo potenziale massimo&#8221;<\/p>\n<p>\n                                                                    Pellegrino Dell&#8217;Anno\n                            <\/p>\n<p>                    3 maggio &#8211; 10:52  &#8211; MILANO<\/p>\n<p class=\"paragraph\" spellcheck=\"true\">Dubbi e chiacchiericcio sulla presenza di Jannik Sinner a Roma? Ci pensa Simone Vagnozzi a chiudere il discorso. Il tecnico del numero 1 al mondo, che oggi correr\u00e0 per il quinto Masters 1000 di fila, ha parlato delle condizioni del suo giocatore: &#8220;Siamo dove vogliamo essere, Jannik sta bene. Ha recuperato da un po&#8217; di stanchezza e ogni giorno migliora. Naturalmente si \u00e8 perso il favorito (si riferisce all&#8217;assenza di Alcaraz per tutta la stagione su terra rossa, ndr) e c&#8217;\u00e8 quel pizzico di pressione in pi\u00f9&#8221;. Ovviamente, quando parla della pressione, Vagnozzi fa riferimento alle chance, concrete, di Sinner di poter vincere tutti i tornei su terra che rimangono. Partendo oggi da Madrid, guardando con desiderio a Roma e al Roland Garros. Dove ora \u00e8 lui il favorito.<\/p>\n<p>        fame\u2014 \u00a0<\/p>\n<p class=\"paragraph\" spellcheck=\"true\">Lo stesso Sinner ha confermato nelle ultime settimane come l&#8217;obiettivo principe della sua stagione sia il Roland Garros. D&#8217;altronde \u00e8 l&#8217;unico torneo Major che gli manca per completare il Career Grand Slam, sfiorato con due set di vantaggio e in seguito tre match point nella finale del 2025. &#8220;Dobbiamo cercare di dimenticare l&#8217;assenza di Carlos&#8221;, riflette Vagnozzi, &#8220;perch\u00e9 al Roland Garros ci saranno sette partite da vincere, a Roma sei, a Madrid ce n&#8217;\u00e8 un&#8217;altra. Pensiamo giorno per giorno&#8221;. Un&#8217;analisi come sempre lucida quella del coach di Sinner, che insieme a Darren Cahill \u00e8 stato decisivo nella scalata al vertice di colui che \u00e8 l&#8217;attuale n.1 al mondo. E che trionfando a Madrid, con la conferma anche del suo team di buona salute, potrebbe ulteriormente allungare su Alcaraz. Diventando, a 24 anni e 260 giorni, il pi\u00f9 giovane a vincere almeno otto Masters 1000 differenti.<\/p>\n<p><a class=\"is-partner-link\" href=\"https:\/\/abbonamenti.gazzetta.it\/calciatori-panini-2025\/?pwcmp_promo_panini_cta&amp;forceBrowser=true\" rel=\"nofollow noopener\" target=\"_blank\">Gazzetta digital + Box Panini + Album a soli 80\u20ac, il modo pi\u00f9 veloce e conveniente per completare la collezione!<\/a><\/p>\n<p>        analisi\u2014 \u00a0<\/p>\n<p class=\"paragraph\" spellcheck=\"true\">&#8220;Ovviamente dispiace per Alcaraz. Non vogliamo mai il male di altri giocatori, men che meno Carlos con il quale abbiamo un ottimo rapporto&#8221;, prosegue Vagnozzi, &#8220;ma purtroppo pu\u00f2 capitare. Questi ragazzi spingono ogni giorno al massimo, la prossima volta potrebbe capitare a noi, o a qualcun altro. Ci sar\u00e0 sempre qualche assente dai tornei&#8221;. Il coach italiano, oltre a queste riflessioni, lancia ancora pi\u00f9 in alto Sinner, guardando avanti: &#8220;Dobbiamo continuare a lavorare tutti i giorni, penso all&#8217;importanza delle palle corte e delle discese a rete sulla terra. Da quattro anni, quando io e Darren (Cahill, ndr) abbiamo iniziato, ci siamo concentrati sul rendere Jannik un giocatore a tutto campo, non solo un colpitore da fondo. Siamo sicuri che non sia ancora al suo massimo. Ed \u00e8 un bene, perch\u00e9 per un giocatore cos\u00ec \u00e8 difficile trovare motivazioni per allenarsi quando si sente arrivato&#8221;. Sinner sta bene, punta a fare ancora meglio, e una cosa \u00e8 chiara: non ha la minima intenzione di fermarsi. A partire da oggi, quando punter\u00e0 a travolgere nuovamente il n.3 del mondo Alexander Zverev. Per aggiornare ancora una volta la pagina dei suoi primati.<\/p>\n<p class=\"is-copyright\">\u00a9 RIPRODUZIONE RISERVATA<\/p>\n","protected":false},"excerpt":{"rendered":"Il tecnico sulle condizioni del n.1 al mondo: &#8220;Siamo dove vogliamo essere. Jannik non ha ancora raggiunto il&hellip;\n","protected":false},"author":3,"featured_media":455241,"comment_status":"","ping_status":"","sticky":false,"template":"","format":"standard","meta":{"footnotes":"","_share_on_mastodon":"0"},"categories":[1457],"tags":[1265,5143,5263,10930,74278,3363,1275,3858,10933,9391,2149,15558,3650,564,5230,1537,90,89,1269,5382,1285,2193,19680,4052,3269,32851,14175,987,366,245,244,1273,3185,10931,4968,4967],"class_list":["post-472220","post","type-post","status-publish","format-standard","has-post-thumbnail","category-tennis","tag-alcaraz","tag-analisi","tag-assenza","tag-cahill","tag-capitare","tag-carlos","tag-coach","tag-condizioni","tag-darren","tag-darren-cahill","tag-dobbiamo","tag-favorito","tag-garros","tag-giocatore","tag-guardando","tag-it","tag-italia","tag-italy","tag-jannik","tag-madrid","tag-massimo","tag-masters","tag-migliora","tag-ndr","tag-ovviamente","tag-roland","tag-roland-garros","tag-roma","tag-sinner","tag-sport","tag-sports","tag-tennis","tag-terra","tag-vagnozzi","tag-vincere","tag-vogliamo"],"share_on_mastodon":{"url":"https:\/\/pubeurope.com\/@it\/116509995637300960","error":""},"_links":{"self":[{"href":"https:\/\/www.europesays.com\/it\/wp-json\/wp\/v2\/posts\/472220","targetHints":{"allow":["GET"]}}],"collection":[{"href":"https:\/\/www.europesays.com\/it\/wp-json\/wp\/v2\/posts"}],"about":[{"href":"https:\/\/www.europesays.com\/it\/wp-json\/wp\/v2\/types\/post"}],"author":[{"embeddable":true,"href":"https:\/\/www.europesays.com\/it\/wp-json\/wp\/v2\/users\/3"}],"replies":[{"embeddable":true,"href":"https:\/\/www.europesays.com\/it\/wp-json\/wp\/v2\/comments?post=472220"}],"version-history":[{"count":0,"href":"https:\/\/www.europesays.com\/it\/wp-json\/wp\/v2\/posts\/472220\/revisions"}],"wp:featuredmedia":[{"embeddable":true,"href":"https:\/\/www.europesays.com\/it\/wp-json\/wp\/v2\/media\/455241"}],"wp:attachment":[{"href":"https:\/\/www.europesays.com\/it\/wp-json\/wp\/v2\/media?parent=472220"}],"wp:term":[{"taxonomy":"category","embeddable":true,"href":"https:\/\/www.europesays.com\/it\/wp-json\/wp\/v2\/categories?post=472220"},{"taxonomy":"post_tag","embeddable":true,"href":"https:\/\/www.europesays.com\/it\/wp-json\/wp\/v2\/tags?post=472220"}],"curies":[{"name":"wp","href":"https:\/\/api.w.org\/{rel}","templated":true}]}}