{"id":472545,"date":"2026-05-03T15:14:19","date_gmt":"2026-05-03T15:14:19","guid":{"rendered":"https:\/\/www.europesays.com\/it\/472545\/"},"modified":"2026-05-03T15:14:19","modified_gmt":"2026-05-03T15:14:19","slug":"tomori-espulso-in-sassuolo-milan-doppio-giallo-rossoneri-in-10","status":"publish","type":"post","link":"https:\/\/www.europesays.com\/it\/472545\/","title":{"rendered":"Tomori espulso in Sassuolo-Milan: doppio giallo, rossoneri in 10"},"content":{"rendered":"<p>                                Quella rimediata al Mapei Stadium \u00e8 la quarta espulsione in sei stagioni in rossonero per il difensore inglese<\/p>\n<p class=\"paragraph\" spellcheck=\"true\">Due cartellini gialli in 24 minuti: Fikayo <b>Tomori <\/b>ha vissuto un pomeriggio del tutto da dimenticare al Mapei Stadium. <a href=\"https:\/\/www.gazzetta.it\/Calcio\/Serie-A\/Milan\/03-05-2026\/sassuolo-milan-live-gol-risultato-diretta-serie-a.shtml?intcmp=hyperlink-articolo-gazit\" target=\"_blank\" rel=\"nofollow noopener\">In una partita chiave per la rincorsa del Milan alla Champions League<\/a>, <b>l&#8217;inglese ha lasciato la squadra in inferiorit\u00e0 numerica<\/b> appena dopo la met\u00e0 della prima frazione per due falli ingenui ed evitabili\u00a0 che gli sono costati altrettante ammonizioni. Entrambi a met\u00e0 campo e per cercare di fermare avversari pi\u00f9 veloci di lui: nel primo caso Thorstvedt (dopo 9&#8242;), nel secondo Laurient\u00e9. Neroverdi bravi ad attaccare gli spazi complice la pressione alta dei rossoneri, ma <b>Tomori in chiara difficolt\u00e0 quando si \u00e8 alzato per pressare ed \u00e8 stato chiamato a recuperare<\/b>. Con in palio tre punti fondamentali, da un giocatore esperto come l&#8217;ex Chelsea era lecito attendersi pi\u00f9 attenzione e pi\u00f9 concentrazione. E invece<b> i due gialli estratti da Maresca hanno portato anche a proteste limitate perch\u00e9 entrambe le scorrettezze, inframezzate da un altro fallo che era stato &#8220;perdonato&#8221;, erano abbastanza evidenti<\/b>. Pi\u00f9 la prima della seconda. Allegri e i suoi collaboratori hanno chiesto spiegazioni al quarto uomo dopo il rosso, ma si \u00e8 trattato di proteste &#8220;dovute&#8221; perch\u00e9 il francese del Sassuolo \u00e8 pi\u00f9 veloce e aveva saltato Tomori.<\/p>\n<p>    rabbia\u2014 \u00a0<\/p>\n<p class=\"paragraph is-inline\" spellcheck=\"true\">Il tecnico di Livorno si \u00e8 fidato del &#8220;mestiere&#8221; di Tomori e sperava che avrebbe tenuto il campo, che si sarebbe amministrato. Previsione sbagliata. Fikayo \u00e8 rientrato subito negli spogliatoi mimando polemicamente di non aver commesso l&#8217;infrazione che gli \u00e8 costata il cartellino rosso. Il Milan era gi\u00e0 sotto nel punteggio e senza di lui \u00e8 andato anche sotto di un uomo. <b>Da quando \u00e8 al Milan, si tratta della quarta espulsione, la terza per doppia ammonizione<\/b>. L&#8217;ultima era stata l&#8217;8 gennaio 2025 in occasione della trasferta di Empoli quando il Milan era comunque riuscito a conquistare i tre punti in palio. Questa del Mapei Stadium rischia di &#8220;pesare&#8221; nella corsa Champions se domani sera la Roma batter\u00e0 la Fiorentina e si porter\u00e0 a -3 a tre giornate dalla fine da Maignan e compagni.<\/p>\n","protected":false},"excerpt":{"rendered":"Quella rimediata al Mapei Stadium \u00e8 la quarta espulsione in sei stagioni in rossonero per il difensore inglese&hellip;\n","protected":false},"author":3,"featured_media":472546,"comment_status":"","ping_status":"","sticky":false,"template":"","format":"standard","meta":{"footnotes":"","_share_on_mastodon":"0"},"categories":[1452],"tags":[3076,721,921,1969,29969,138767,1740,52475,1570,1537,90,89,50653,199464,3334,553,27056,2469,1292,14384,263458,11835,6299,1739,245,244,26884,36020],"class_list":["post-472545","post","type-post","status-publish","format-standard","has-post-thumbnail","category-calcio","tag-allegri","tag-calcio","tag-campo","tag-champions","tag-espulsione","tag-fikayo","tag-football","tag-gialli","tag-inglese","tag-it","tag-italia","tag-italy","tag-mapei","tag-mapei-stadium","tag-meta","tag-milan","tag-palio","tag-proteste","tag-punti","tag-quarta","tag-quarta-espulsione","tag-rosso","tag-sassuolo","tag-soccer","tag-sport","tag-sports","tag-stadium","tag-tomori"],"share_on_mastodon":{"url":"https:\/\/pubeurope.com\/@it\/116511301158991337","error":""},"_links":{"self":[{"href":"https:\/\/www.europesays.com\/it\/wp-json\/wp\/v2\/posts\/472545","targetHints":{"allow":["GET"]}}],"collection":[{"href":"https:\/\/www.europesays.com\/it\/wp-json\/wp\/v2\/posts"}],"about":[{"href":"https:\/\/www.europesays.com\/it\/wp-json\/wp\/v2\/types\/post"}],"author":[{"embeddable":true,"href":"https:\/\/www.europesays.com\/it\/wp-json\/wp\/v2\/users\/3"}],"replies":[{"embeddable":true,"href":"https:\/\/www.europesays.com\/it\/wp-json\/wp\/v2\/comments?post=472545"}],"version-history":[{"count":0,"href":"https:\/\/www.europesays.com\/it\/wp-json\/wp\/v2\/posts\/472545\/revisions"}],"wp:featuredmedia":[{"embeddable":true,"href":"https:\/\/www.europesays.com\/it\/wp-json\/wp\/v2\/media\/472546"}],"wp:attachment":[{"href":"https:\/\/www.europesays.com\/it\/wp-json\/wp\/v2\/media?parent=472545"}],"wp:term":[{"taxonomy":"category","embeddable":true,"href":"https:\/\/www.europesays.com\/it\/wp-json\/wp\/v2\/categories?post=472545"},{"taxonomy":"post_tag","embeddable":true,"href":"https:\/\/www.europesays.com\/it\/wp-json\/wp\/v2\/tags?post=472545"}],"curies":[{"name":"wp","href":"https:\/\/api.w.org\/{rel}","templated":true}]}}