{"id":472719,"date":"2026-05-03T17:42:24","date_gmt":"2026-05-03T17:42:24","guid":{"rendered":"https:\/\/www.europesays.com\/it\/472719\/"},"modified":"2026-05-03T17:42:24","modified_gmt":"2026-05-03T17:42:24","slug":"israele-il-ministro-estremista-ben-gvir-e-la-torta-di-compleanno-con-un-cappio-e-due-pistole-scoppia-la-polemica","status":"publish","type":"post","link":"https:\/\/www.europesays.com\/it\/472719\/","title":{"rendered":"Israele, il ministro estremista Ben Gvir e la torta di compleanno con un cappio (e due pistole): scoppia la polemica"},"content":{"rendered":"<p>    di<br \/>\n    Giusi Fasano<\/p>\n<p class=\"summary-art is-line-h-12\">Il ministro della Sicurezza nazionale, esponente dell&#8217;ultradestra, ha festeggiato con due torte: su entrambe c&#8217;era un cappio &#8211; gi\u00e0 sfoggiato in occasione della legge sulla pena di morte per i palestinesi accusati di terrorismo<\/p>\n<p class=\"chapter-paragraph\">DALLA NOSTRA INVIATA<br \/>TEL AVIV &#8211; Il ministro israeliano della Sicurezza nazionale Itamar Ben-Gvir &#8211; rappresentante della destra ultra nazionalista &#8211; ha deciso: a illuminare la sua strada sar\u00e0 un cappio. Gi\u00e0 si era presentato in Parlamento con la spilla a forma di cappio appuntata sulla giacca: \u00e8 stato a fine marzo, in occasione dell\u2019approvazione della legge sulla pena di morte per i palestinesi accusati di terrorismo. Lui arriv\u00f2 in aula esultante, con cappio nell\u2019occhiello e una bottiglia di bollicine.<\/p>\n<p class=\"chapter-paragraph\">A tutta quell\u2019eleganza adesso aggiunge una festa di compleanno all\u2019insegna dell\u2019impiccagione.    &#13;<br \/>\n&#13;<br \/>\n&#13;<br \/>\n&#13;<br \/>\n&#13;<br \/>\n&#13;<br \/>\n&#13;<br \/>\n&#13;<br \/>\n&#13;<br \/>\n&#13;<br \/>\n&#13;<br \/>\n&#13;<br \/>\n&#13;<br \/>\n&#13;<br \/>\n&#13;<br \/>\n&#13;<br \/>\n&#13;<br \/>\n&#13;<br \/>\n&#13;<br \/>\n&#13;<br \/>\n&#13;<br \/>\n&#13;<br \/>\n&#13;<br \/>\n&#13;<br \/>\n&#13;<br \/>\n&#13;<br \/>\n&#13;<br \/>\n&#13;<br \/>\n&#13;<br \/>\n&#13;<br \/>\n&#13;<br \/>\n&#13;<br \/>\n&#13;<br \/>\n&#13;<br \/>\n&#13;<br \/>\n&#13;<br \/>\n&#13;<br \/>\n&#13;<br \/>\n&#13;<br \/>\n&#13;<br \/>\n&#13;<br \/>\n&#13;<br \/>\n&#13;<br \/>\n&#13;<br \/>\n&#13;<br \/>\n&#13;<br \/>\n&#13;<br \/>\n&#13;<br \/>\n&#13;<br \/>\n&#13;<br \/>\n&#13;<br \/>\n&#13;<br \/>\n&#13;\n<\/p>\n<p class=\"chapter-paragraph\">Sabato ha compiuto 50 anni e pare aver gradito pi\u00f9 di ogni altra cosa un regalo davvero speciale:<b> una torta a tre piani sormontata da un cappio dorato<\/b>. E sua moglie Ayala, che lo conosce come nessun altro, gli ha fatto confezionare anche una tortina pi\u00f9 piccola. Modesta ma significativa, perch\u00e9 anche su quella le mani di chiss\u00e0 quale pasticciere hanno creato <b>un luminoso cappio color oro.<\/b><\/p>\n<p class=\"chapter-paragraph\">Il Times of Israel pubblica la foto dei due regali ancora intatti e rivela che il ministro ha festeggiato nella comunit\u00e0 agricola di Emunim, vicino ad Ashdod, nel sud di Israele, e che nella lista degli invitati figuravano <b>colleghi politici di alto livello<\/b>, <b>attivisti di estrema destra e anche membri dello Stato maggiore della polizia<\/b>. Dettagli che ovviamente hanno scatenato polemiche e critiche dell\u2019opposizione.<\/p>\n<p class=\"chapter-paragraph\">Ma lui tira dritto, sfoggia sorrisi e si fa fotografare davanti alle sue torte o mentre ringrazia sua moglie per quel pensiero cos\u00ec dolce.<\/p>\n<p class=\"chapter-paragraph\">La torta a tre piani \u00e8 sovrastata dal cappio ma c\u2019\u00e8 dell\u2019altro. Il piano inferiore raffigurava <b>due pistole puntate su una mappa di Israele che comprende Gaza e la Cisgiordania<\/b>. Il dolce pi\u00f9 piccolo, invece, oltre al cappio ha in superficie una scritta he dice:<b> \u00abCongratulazioni al ministro Ben Gvir. A volte i sogni diventano realt\u00e0\u00bb.<\/b><\/p>\n<p class=\"is-last-update\" datetime=\"2026-05-03T17:22:02+02:00\">3 maggio 2026<\/p>\n<p class=\"is-copyright\">\n            \u00a9 RIPRODUZIONE RISERVATA\n        <\/p>\n","protected":false},"excerpt":{"rendered":"di Giusi Fasano Il ministro della Sicurezza nazionale, esponente dell&#8217;ultradestra, ha festeggiato con due torte: su entrambe c&#8217;era&hellip;\n","protected":false},"author":3,"featured_media":472720,"comment_status":"","ping_status":"","sticky":false,"template":"","format":"standard","meta":{"footnotes":"","_share_on_mastodon":"0"},"categories":[160],"tags":[25968,263479,391,26820,30606,5163,14,164,165,3177,14577,26113,26821,72,1207,124666,124667,1229,166,964,263480,263481,7,15,3205,771,263482,45780,11,167,12,168,161,162,163],"class_list":["post-472719","post","type-post","status-publish","format-standard","has-post-thumbnail","category-mondo","tag-accusati","tag-accusati-terrorismo","tag-ben","tag-ben-gvir","tag-cappio","tag-compleanno","tag-cronaca","tag-dal-mondo","tag-dalmondo","tag-destra","tag-dolce","tag-festeggiato","tag-gvir","tag-israele","tag-legge","tag-legge-pena","tag-legge-pena-morte","tag-moglie","tag-mondo","tag-morte","tag-morte-palestinesi","tag-morte-palestinesi-accusati","tag-news","tag-notizie","tag-occasione","tag-palestinesi","tag-palestinesi-accusati","tag-torta","tag-ultime-notizie","tag-ultime-notizie-di-mondo","tag-ultimenotizie","tag-ultimenotiziedimondo","tag-world","tag-world-news","tag-worldnews"],"share_on_mastodon":{"url":"","error":"Validation failed: Text character limit of 500 exceeded"},"_links":{"self":[{"href":"https:\/\/www.europesays.com\/it\/wp-json\/wp\/v2\/posts\/472719","targetHints":{"allow":["GET"]}}],"collection":[{"href":"https:\/\/www.europesays.com\/it\/wp-json\/wp\/v2\/posts"}],"about":[{"href":"https:\/\/www.europesays.com\/it\/wp-json\/wp\/v2\/types\/post"}],"author":[{"embeddable":true,"href":"https:\/\/www.europesays.com\/it\/wp-json\/wp\/v2\/users\/3"}],"replies":[{"embeddable":true,"href":"https:\/\/www.europesays.com\/it\/wp-json\/wp\/v2\/comments?post=472719"}],"version-history":[{"count":0,"href":"https:\/\/www.europesays.com\/it\/wp-json\/wp\/v2\/posts\/472719\/revisions"}],"wp:featuredmedia":[{"embeddable":true,"href":"https:\/\/www.europesays.com\/it\/wp-json\/wp\/v2\/media\/472720"}],"wp:attachment":[{"href":"https:\/\/www.europesays.com\/it\/wp-json\/wp\/v2\/media?parent=472719"}],"wp:term":[{"taxonomy":"category","embeddable":true,"href":"https:\/\/www.europesays.com\/it\/wp-json\/wp\/v2\/categories?post=472719"},{"taxonomy":"post_tag","embeddable":true,"href":"https:\/\/www.europesays.com\/it\/wp-json\/wp\/v2\/tags?post=472719"}],"curies":[{"name":"wp","href":"https:\/\/api.w.org\/{rel}","templated":true}]}}