{"id":472900,"date":"2026-05-03T20:17:22","date_gmt":"2026-05-03T20:17:22","guid":{"rendered":"https:\/\/www.europesays.com\/it\/472900\/"},"modified":"2026-05-03T20:17:22","modified_gmt":"2026-05-03T20:17:22","slug":"basta-con-le-bugie-io-uscivo-la-notte-a-cercare-nostra-figlia-ylenia-tu-doveri","status":"publish","type":"post","link":"https:\/\/www.europesays.com\/it\/472900\/","title":{"rendered":"\u00abBasta con le bugie, io uscivo la notte a cercare nostra figlia Ylenia. Tu dov&#8217;eri?\u00bb"},"content":{"rendered":"<p>            Il viaggio in America e lo sfogo su Romina: \u00abdov&#8217;eri tu?\u00bb  <\/p>\n<p>\u00abQuel viaggio in America -in riferimento al documentario &#8220;America Perduta&#8221;-, nel 1993, con tutta la famiglia&#8230;ero strano, sentivo che qualcosa iniziava a mancare, qualcosa si stava irrimediabilmente rompendo. Sembravamo una bella famiglia felice, ma quello \u00e8 stato l&#8217;ultimo viaggio insieme. Voglio rispondere ad alcune battute che non ho per nulla digerito. Eravamo a gli sgoccioli e io stavo tentando di salvare una famiglia, un&#8217;unione assoluta&#8230;una famiglia per me sacra, che vedevo come sotto la mia responsabilit\u00e0. Lei era talmente piena di chiss\u00e0 quale realt\u00e0 che neanche mi ha visto, ma ero io a girare per le notti a New Orleans, ero io a girare con i poliziotti nei posti pi\u00f9 trucidi di New Orleans, io l&#8217;ho visti quei posti mentre cercavo nostra figlia. Io c&#8217;ero, ma tu dov&#8217;eri? Perch\u00e9 spari queste cattiverie alle mie spalle? Non \u00e8 vero. Sento frasi che mi pugnalano nel cuore. Io non sono mai andato via per conto mio&#8230;cara Romina, noi lavoravamo assieme, ma io la realt\u00e0 l&#8217;ho capita, \u00e8 tragica, io so di essere un grande padre, l&#8217;ho sempre dimostrato. Queste cattiverie non vere io non le merito. Dopo un mese il lavoro era finito, durante l&#8217;ultima serata nel 1994, stop. Io rispetto la volont\u00e0 di Romina, ma io non mi arrendo, io continuer\u00f2 a vivere, non accetto il vittimismo, io reagisco e voglio che tutti attorno a me sappiano reagire. Il 4 luglio del 1994 abbiamo fatto la nostra ultima serata assieme, abbiamo fatto un duo, hai scritto anche tu le canzoni, non si pu\u00f2 cambiare la realt\u00e0 di quel periodo\u00bb. <\/p>\n<p><img decoding=\"async\" alt=\"\" src=\"https:\/\/www.europesays.com\/it\/wp-content\/uploads\/2026\/05\/albano3_03152657.jpg\"\/><\/p>\n<p>Parlando di una sua intervista con Pippo Baudo, Al Bano ha detto commuovendosi: \u00abRilasciai l&#8217;intervista solo a Pippo Baudo, ma non a Pino Scacciola, un giornalista che aveva storpiato con una vigliaccata un momento di dolore terribile. Una bugia raccontata al telegiornale nazionale&#8230;\u00e8 stato vergognosamente stronzo, scusa il termine. Andai da Pippo perch\u00e9 per me fu un vero fratello. Non voglio che passi la bugia, la menzogna, io devo dire la verit\u00e0 e solo la verit\u00e0. Dissi a Romina di lasciare in pace la nostra amata figlia, lasciala in pace. Ylenia \u00e8 nel cuore di Romina e nel mio&#8230;\u00e8 viva solo l\u00ec&#8230;\u00e8 solo l\u00ec. Se avessi saputo di dover attraversare oggi questa interminabile via crucis (piange)&#8230;Romina, tieni in cuor tuo quello che vuoi, ma non ammazzarmi, io sono stato un gran pilastro, non uscivo a far serate, uscivo per nostra figlia, io ho accettato la verit\u00e0 senza le illusioni. Ylenia \u00e8 nei nostri cuori, nulla di pi\u00f9. Io non accetto queste menzogne, come quando disse che la picchiavo a una trasmissione spagnola, perch\u00e9 vuoi punirmi? Io so cosa ho dato e tu, cara, dovresti saperlo meglio perch\u00e9 l&#8217;hai ricevuto. In quel periodo ho accettato tantissimo, l&#8217;assenza per anni e le clausole&#8230;ma questo no, dipingermi in questo modo selvaggio&#8230;io che ti ho picchiata? Forse con qualche rosa in pi\u00f9, persino i miei figli mi hanno difeso in Spagna, persino loro, perch\u00e9 loro sapevano la verit\u00e0. Io ho sentito il demonio, ho sentito tutto, ma ho scelto la strada di Dio, sempre\u00bb. <\/p>\n","protected":false},"excerpt":{"rendered":"Il viaggio in America e lo sfogo su Romina: \u00abdov&#8217;eri tu?\u00bb \u00abQuel viaggio in America -in riferimento al&hellip;\n","protected":false},"author":3,"featured_media":472580,"comment_status":"","ping_status":"","sticky":false,"template":"","format":"standard","meta":{"footnotes":"","_share_on_mastodon":"0"},"categories":[1443],"tags":[24824,65523,6304,203,1282,204,1537,90,89,1538,1539,3501,90562,53435,135134],"class_list":["post-472900","post","type-post","status-publish","format-standard","has-post-thumbnail","category-musica","tag-al-bano","tag-albano","tag-domenica-in","tag-entertainment","tag-intervista","tag-intrattenimento","tag-it","tag-italia","tag-italy","tag-music","tag-musica","tag-rai-1","tag-romina","tag-romina-power","tag-ylenia"],"share_on_mastodon":{"url":"https:\/\/pubeurope.com\/@it\/116512492975949229","error":""},"_links":{"self":[{"href":"https:\/\/www.europesays.com\/it\/wp-json\/wp\/v2\/posts\/472900","targetHints":{"allow":["GET"]}}],"collection":[{"href":"https:\/\/www.europesays.com\/it\/wp-json\/wp\/v2\/posts"}],"about":[{"href":"https:\/\/www.europesays.com\/it\/wp-json\/wp\/v2\/types\/post"}],"author":[{"embeddable":true,"href":"https:\/\/www.europesays.com\/it\/wp-json\/wp\/v2\/users\/3"}],"replies":[{"embeddable":true,"href":"https:\/\/www.europesays.com\/it\/wp-json\/wp\/v2\/comments?post=472900"}],"version-history":[{"count":0,"href":"https:\/\/www.europesays.com\/it\/wp-json\/wp\/v2\/posts\/472900\/revisions"}],"wp:featuredmedia":[{"embeddable":true,"href":"https:\/\/www.europesays.com\/it\/wp-json\/wp\/v2\/media\/472580"}],"wp:attachment":[{"href":"https:\/\/www.europesays.com\/it\/wp-json\/wp\/v2\/media?parent=472900"}],"wp:term":[{"taxonomy":"category","embeddable":true,"href":"https:\/\/www.europesays.com\/it\/wp-json\/wp\/v2\/categories?post=472900"},{"taxonomy":"post_tag","embeddable":true,"href":"https:\/\/www.europesays.com\/it\/wp-json\/wp\/v2\/tags?post=472900"}],"curies":[{"name":"wp","href":"https:\/\/api.w.org\/{rel}","templated":true}]}}