{"id":473199,"date":"2026-05-04T01:09:22","date_gmt":"2026-05-04T01:09:22","guid":{"rendered":"https:\/\/www.europesays.com\/it\/473199\/"},"modified":"2026-05-04T01:09:22","modified_gmt":"2026-05-04T01:09:22","slug":"maignan-i-fischi-e-la-squadra-che-non-va-sotto-la-curva-tensione-coi-tifosi","status":"publish","type":"post","link":"https:\/\/www.europesays.com\/it\/473199\/","title":{"rendered":"Maignan, i fischi e la squadra che non va sotto la curva: tensione coi tifosi"},"content":{"rendered":"<p>                                Quando termina la partita piovono fischi dal settore ospiti: i giocatori rossoneri stavano dirigendosi verso i propri sostenitori, ma il capitano ha invitato i compagni ad andare negli spogliatoi<\/p>\n<p>                    3 maggio 2026 (modifica alle 20:24)  &#8211; REGGIO EMILIA<\/p>\n<p class=\"paragraph\" spellcheck=\"true\">Una prestazione bruttissima sul campo, &#8220;la peggiore della stagione&#8221; secondo Allegri. Una classifica che rischia di prendere una brutta piega se domani sera la Roma batter\u00e0 la Fiorentina e andr\u00e0 a -3. E i fischi dei tifosi al termine del match. Con la squadra che non \u00e8 andata sotto il settore occupato dai tanti tifosi rossoneri, encomiabili nell&#8217;incitare Maignan e compagni nonostante il ko. Nel pomeriggio da dimenticare del Milan a Reggio Emilia c&#8217;\u00e8 stato anche l&#8217;episodio (evitabile) dopo il triplice fischio di Maresca. Altra tensione dopo la quarta sconfitta nelle ultime sette giornate.<\/p>\n<p>        fischi\u2014 \u00a0<\/p>\n<p class=\"paragraph\" spellcheck=\"true\">Leao si era gi\u00e0 preso la sua razione di fischi al momento della sostituzione. Nelle ultime settimane Rafa si \u00e8 abituato a questa &#8220;frattura&#8221; nel rapporto con il popolo rossonero e oggi, quando \u00e8 stato sostituito da Allegri, non ha fatto una piega. Dopo il termine del match per\u00f2 tutta la squadra \u00e8 stata fischiata dai tanti supporter del Diavolo presenti al Mapei Stadium. In quel momento i giocatori erano a met\u00e0 campo e si stavano per avviare verso la curva dei tifosi. L&#8217;intensit\u00e0 dei fischi \u00e8 aumentata e a quel punto Maignan, da capitano, ha indicato ai compagni di fermarsi e di rientrare nello spogliatoio. Forse perch\u00e9 ha capito che si poteva creare un clima ancora peggiore andando vicino allo spicchio di stadio rossonero. La gente non ha gradito.<\/p>\n<p>        gabbia spiega\u2014 \u00a0<\/p>\n<p class=\"paragraph\" spellcheck=\"true\">Nel dopopartita Gabbia ha spiegato l&#8217;accaduto cercando di spegnere l&#8217;incendio: &#8220;Siamo andati a salutare i tifosi che ci hanno sostenuto per tutta la sfida. E&#8217; normale che fossero arrabbiati: ci meritavamo i fischi che ci hanno rivolto ed \u00e8 giusto che abbiano espresso la loro delusione. Siamo delusi anche noi per quello che abbiamo dimostrato in campo, ma c\u2019\u00e8 poco da dire. Non vedo nulla di strano in quello che \u00e8 successo. Maignan? Siamo andati a salutare la nostra gente, ci hanno fischiato, giustamente, e siamo andati via&#8221;. Resta il fatto che la gente non ha gradito, ma quando la squadra ha raggiunto in pullman la stazione di Reggio Emilia per rientrare in treno a Milano, non ci sono state ulteriori tensioni.<\/p>\n<p class=\"is-copyright\">\u00a9 RIPRODUZIONE RISERVATA<\/p>\n","protected":false},"excerpt":{"rendered":"Quando termina la partita piovono fischi dal settore ospiti: i giocatori rossoneri stavano dirigendosi verso i propri sostenitori,&hellip;\n","protected":false},"author":3,"featured_media":473200,"comment_status":"","ping_status":"","sticky":false,"template":"","format":"standard","meta":{"footnotes":"","_share_on_mastodon":"0"},"categories":[1452],"tags":[3076,7574,263649,721,921,8230,4021,11507,7109,40375,1740,24659,4965,263650,3412,14367,1537,90,89,13200,1894,263651,553,12333,22970,7124,1739,245,244,1857,6035],"class_list":["post-473199","post","type-post","status-publish","format-standard","has-post-thumbnail","category-calcio","tag-allegri","tag-andati","tag-andati-salutare","tag-calcio","tag-campo","tag-capitano","tag-compagni","tag-curva","tag-emilia","tag-fischi","tag-football","tag-gabbia","tag-gente","tag-gente-gradito","tag-giocatori","tag-gradito","tag-it","tag-italia","tag-italy","tag-maignan","tag-match","tag-match-squadra","tag-milan","tag-peggiore","tag-piega","tag-reggio","tag-soccer","tag-sport","tag-sports","tag-squadra","tag-tifosi"],"share_on_mastodon":{"url":"https:\/\/pubeurope.com\/@it\/116513641834559615","error":""},"_links":{"self":[{"href":"https:\/\/www.europesays.com\/it\/wp-json\/wp\/v2\/posts\/473199","targetHints":{"allow":["GET"]}}],"collection":[{"href":"https:\/\/www.europesays.com\/it\/wp-json\/wp\/v2\/posts"}],"about":[{"href":"https:\/\/www.europesays.com\/it\/wp-json\/wp\/v2\/types\/post"}],"author":[{"embeddable":true,"href":"https:\/\/www.europesays.com\/it\/wp-json\/wp\/v2\/users\/3"}],"replies":[{"embeddable":true,"href":"https:\/\/www.europesays.com\/it\/wp-json\/wp\/v2\/comments?post=473199"}],"version-history":[{"count":0,"href":"https:\/\/www.europesays.com\/it\/wp-json\/wp\/v2\/posts\/473199\/revisions"}],"wp:featuredmedia":[{"embeddable":true,"href":"https:\/\/www.europesays.com\/it\/wp-json\/wp\/v2\/media\/473200"}],"wp:attachment":[{"href":"https:\/\/www.europesays.com\/it\/wp-json\/wp\/v2\/media?parent=473199"}],"wp:term":[{"taxonomy":"category","embeddable":true,"href":"https:\/\/www.europesays.com\/it\/wp-json\/wp\/v2\/categories?post=473199"},{"taxonomy":"post_tag","embeddable":true,"href":"https:\/\/www.europesays.com\/it\/wp-json\/wp\/v2\/tags?post=473199"}],"curies":[{"name":"wp","href":"https:\/\/api.w.org\/{rel}","templated":true}]}}