{"id":473256,"date":"2026-05-04T02:14:22","date_gmt":"2026-05-04T02:14:22","guid":{"rendered":"https:\/\/www.europesays.com\/it\/473256\/"},"modified":"2026-05-04T02:14:22","modified_gmt":"2026-05-04T02:14:22","slug":"mps-faro-della-consob-su-lovaglio","status":"publish","type":"post","link":"https:\/\/www.europesays.com\/it\/473256\/","title":{"rendered":"Mps, faro della Consob su Lovaglio"},"content":{"rendered":"<p>Faro Consob sulle mosse di Luigi Lovaglio, ritornato al timone del Monte dei Paschi con la vittoria della lista di Plt Holding all&#8217;assemblea del 15 aprile. Secondo quanto risulta a Il Giornale, la Commissione garante della Borsa avrebbe avviato una serie di accertamenti avvalendosi dell&#8217;articolo 115 del Tuf (il Testo unico della Finanza) che consente di richiedere informazioni, convocare amministratori ed eseguire ispezioni \u00abal fine di vigilare sulla correttezza delle informazioni fornite al pubblico\u00bb.<\/p>\n<p>Ad essere attenzionate ci sarebbero, in particolare, tre questioni: la prima riguarderebbe la decisione di convocare il primo cda il 23 aprile, ovvero ben otto giorni lavorativi dopo l&#8217;assise dei soci a Siena che ha rinnovato il board. \u00c8 invece prassi farlo la sera stessa dell&#8217;assemblea o al massimo il giorno dopo anche perch\u00e9 sul tavolo c&#8217;erano temi di una certa urgenza, ovvero l&#8217;attribuzione degli incarichi di presidente, vicepresidente, amministratore delegato e direttore generale con relative deleghe e nominare i componenti dei cinque comitati endoconsiliari. Per non dire della delicatezza del momento, visto che entro breve si dovr\u00e0 affrontare l&#8217;avvio del nuovo piano industriale e l&#8217;integrazione con Mediobanca di fatto nemmeno iniziata. Sicch\u00e8<\/p>\n<p>alla fine si \u00e8 votato sulle cariche, con l&#8217;opposizione compatta dei rappresentanti della lista di minoranza, e sulla composizione del Comitato Nomine, rinviando quella degli altri quattro comitati ovvero Remunerazione, Parti Correlate, It e Rischi (assai strategico, quest&#8217;ultimo, che generalmente va alle minoranze). Evento mai registrato nelle banche quotate italiane da quando sono sotto la supervisione della Bce.<\/p>\n<p>Seconda anomalia finita sotto i riflettori della Consob: nella riunione del cda del 23 aprile durata quasi nove ore, Lovaglio si \u00e8 presentato chiedendo con urgenza, ma senza una carta che ne illustrasse le motivazioni, di riavere le deleghe ritirate dal precedente cda con l&#8217;avvio del licenziamento per giusta causa. Nella stessa riunione del 23, inoltre, il cda di Mps ha nominato Lovaglio amministratore delegato e direttore generale e Cesare Bisoni presidente con i soli voti favorevoli degli otto consiglieri di Plt Holding, inclusi lo stesso Lovaglio e Bisoni che si sono dunque auto-votati con modalit\u00e0 quanto meno inusuali, se non imputabili a un possibile conflitto di interessi (che andrebbe dichiarato prima dell&#8217;auto-voto). Lovaglio dovr\u00e0 quindi riferire su questi tre punti. Se la risposta non sar\u00e0 esauriente, la Commissione potrebbe richiedere anche della documentazione e &#8211; ne ha la titolarit\u00e0 &#8211; procedere anche con eventuali ispezioni.<\/p>\n<p>Nel frattempo, il banchiere procede come un caterpillar anche se i numeri che lo hanno sostenuto al voto del 15 aprile si reggono su equilibri mobili, su obbiettivi che possono divergere rapidamente, e su alleanze che non hanno nulla di strutturale. In assemblea la lista<\/p>\n<p>Operazione in due tempi per il taglio delle accise sui carburanti del governo. Alla riduzione prevista fino al 10 maggio dal decreto legge pubblicato oggi in Gazzetta Ufficiale, si aggiunge quanto sar\u00e0 previsto da un decreto ministeriale che estender\u00e0 la riduzione fiscale fino al 22 maggio (tre settimane totali). Le coperture arriveranno dall&#8217;extra-gettito Iva sui carburanti, che aggiunteranno altri 250 milioni di risorse per un&#8217;intervento che vale complessivamente 400 milioni di Plt che lo ha voluto al timone si \u00e8 affermata con il 49,9% dei voti (e il 32% del capitale totale) a fronte del 38,8% ottenuto dalla lista presentata dall&#8217;ex cda. In sintesi, una maggioranza che non \u00e8 riuscita a superare nemmeno la soglia del 50% delle preferenze ha deciso muscolarmente tutte le cariche chiave dell&#8217;istituto. Se questo baster\u00e0 ad evitare quello che alcuni osservatori hanno gi\u00e0 definito il rischio Vietnam a Rocca Salimbeni, lo si capir\u00e0 presto.\n<\/p>\n<p> Il vero banco di prova ci sar\u00e0 prima delle ferie estive: dopo l&#8217;Opas da 14 miliardi conclusa a settembre 2025, a breve saranno convocate le assemblee straordinarie di Montepaschi e Mediobanca sulla fusione che dovrebbero riunirsi tra giugno e luglio. Per la delibera servir\u00e0 avere la maggioranza qualificata dei due terzi e gi\u00e0 si fanno i primi conteggi sugli schieramenti.<\/p>\n","protected":false},"excerpt":{"rendered":"Faro Consob sulle mosse di Luigi Lovaglio, ritornato al timone del Monte dei Paschi con la vittoria della&hellip;\n","protected":false},"author":3,"featured_media":473257,"comment_status":"","ping_status":"","sticky":false,"template":"","format":"standard","meta":{"footnotes":"","_share_on_mastodon":"0"},"categories":[172],"tags":[178,177,2695,1537,90,89,82388],"class_list":["post-473256","post","type-post","status-publish","format-standard","has-post-thumbnail","category-affari","tag-affari","tag-business","tag-consob","tag-it","tag-italia","tag-italy","tag-monte-dei-paschi-di-siena"],"share_on_mastodon":{"url":"https:\/\/pubeurope.com\/@it\/116513896388547173","error":""},"_links":{"self":[{"href":"https:\/\/www.europesays.com\/it\/wp-json\/wp\/v2\/posts\/473256","targetHints":{"allow":["GET"]}}],"collection":[{"href":"https:\/\/www.europesays.com\/it\/wp-json\/wp\/v2\/posts"}],"about":[{"href":"https:\/\/www.europesays.com\/it\/wp-json\/wp\/v2\/types\/post"}],"author":[{"embeddable":true,"href":"https:\/\/www.europesays.com\/it\/wp-json\/wp\/v2\/users\/3"}],"replies":[{"embeddable":true,"href":"https:\/\/www.europesays.com\/it\/wp-json\/wp\/v2\/comments?post=473256"}],"version-history":[{"count":0,"href":"https:\/\/www.europesays.com\/it\/wp-json\/wp\/v2\/posts\/473256\/revisions"}],"wp:featuredmedia":[{"embeddable":true,"href":"https:\/\/www.europesays.com\/it\/wp-json\/wp\/v2\/media\/473257"}],"wp:attachment":[{"href":"https:\/\/www.europesays.com\/it\/wp-json\/wp\/v2\/media?parent=473256"}],"wp:term":[{"taxonomy":"category","embeddable":true,"href":"https:\/\/www.europesays.com\/it\/wp-json\/wp\/v2\/categories?post=473256"},{"taxonomy":"post_tag","embeddable":true,"href":"https:\/\/www.europesays.com\/it\/wp-json\/wp\/v2\/tags?post=473256"}],"curies":[{"name":"wp","href":"https:\/\/api.w.org\/{rel}","templated":true}]}}