{"id":473350,"date":"2026-05-04T04:18:17","date_gmt":"2026-05-04T04:18:17","guid":{"rendered":"https:\/\/www.europesays.com\/it\/473350\/"},"modified":"2026-05-04T04:18:17","modified_gmt":"2026-05-04T04:18:17","slug":"marotta-lo-scudetto-di-chivu-inchiesta-noi-sempre-leali-il-mercato","status":"publish","type":"post","link":"https:\/\/www.europesays.com\/it\/473350\/","title":{"rendered":"Marotta: &#8220;Lo scudetto di Chivu. Inchiesta? Noi sempre leali. Il mercato&#8230;&#8221;"},"content":{"rendered":"<p>Le parole di Marotta ai microfoni di Sky Sport in merito alla vittoria dello scudetto dell&#8217;Inter dopo il successo sul Parma<\/p>\n<p>Intervenuto ai microfoni di Sky Sport, Beppe Marotta ha parlato cos\u00ec della vittoria dello scudetto dell&#8217;Inter:<\/p>\n<p>&#8220;Le emozioni sono tantissime, arrivare a vincere uno scudetto con l&#8217;Inter da presidente \u00e8 unico e straordinario, non l&#8217;avrei mai immaginato. Mi collega un pensiero ai presidenti che mi hanno preceduto, che sono pi\u00f9 degni di me. Ricordo i Moratti, anche Pellegrini, Steven Zhang, Fraizzoli. Sono stati fonti di ispirazione, volevamo vincere questo scudetto, l&#8217;abbiamo dedicato ai tifosi che sono splendidi e anche alla propriet\u00e0 che \u00e8 silente e che ci d\u00e0 la possibilit\u00e0 di lavorare. Questo \u00e8 lo scudetto di Chivu e della squadra, se lo sono meritati&#8221;<\/p>\n<p><strong>Quanto \u00e8 prezioso il lavoro della societ\u00e0<\/strong><\/p>\n<p>&#8220;Quello completa l&#8217;attivit\u00e0 vera dell&#8217;allenatore della squadra. L&#8217;allenatore \u00e8 il leader della squadra e dobbiamo supportarlo durante la stagione. Sono contrario agli esoneri durante l&#8217;anno, non l&#8217;ho neanche fatti anche nelle squadre minori. Siamo partiti con difficolt\u00e0, le sconfitte erano frutto di prestazioni non del tutto negative contro Udinese, Juve e anche il derby col Milan. Abbiamo avuto il coraggio di puntare su un allenatore che non aveva la nomea di grande esperto ma che ha dimostrato di essere bravo coi fatti. Ha vinto il Triplete, ha allenato la Primavera dell&#8217;Inter e ha vinto, era capitano dell&#8217;Ajax a 21 anni. Il coraggio di puntare su di lui \u00e8 stato facilitato da una propriet\u00e0 che ha recepito la nostra indicazione&#8221;<\/p>\n<p><strong>Inter la pi\u00f9 vecchia del campionato: cosa far\u00e0?<\/strong><\/p>\n<p>&#8220;Quest&#8217;anno abbiamo investito sui giovani, con Ausilio e Baccin cercheremo di mettere innesti giovani, ci crediamo anche se con i giovani non si vince, serve un giusto mix tra giovani e meno giovani. Se cerchi uno meno giovane, che magari ha la cultura della vittoria, diventa un mix importante. Questo \u00e8 il nostro obiettivo, vogliamo prendere i giocatori italiani che possano prolungare lo zoccolo duro di italiani&#8221;<\/p>\n<p><strong>Inchiesta arbitri: c&#8217;\u00e8 pi\u00f9 tranquillit\u00e0 rispetto ad una settimana fa?<\/strong><\/p>\n<p>&#8220;C&#8217;\u00e8 grande amarezza, non faccio altro che dire quello che ho detto prima di Torino-Inter. Non esiste un elenco di arbitri graditi o sgraditi, ci siamo sempre comportati con grande correttezza, abbiamo rispetto per gli inquirenti ma sono tranquillo e la tranquillit\u00e0 l&#8217;ho voluta trasmettere ai tifosi, non abbiamo nulla da temere. Ci siamo sempre comportati con lealt\u00e0 e correttezza, non aggiungo altro&#8221;<\/p>\n<p class=\"is-copyright\">\u00a9 RIPRODUZIONE RISERVATA<\/p>\n","protected":false},"excerpt":{"rendered":"Le parole di Marotta ai microfoni di Sky Sport in merito alla vittoria dello scudetto dell&#8217;Inter dopo il&hellip;\n","protected":false},"author":3,"featured_media":473351,"comment_status":"","ping_status":"","sticky":false,"template":"","format":"standard","meta":{"footnotes":"","_share_on_mastodon":"0"},"categories":[1452],"tags":[1960,29372,721,2839,263744,15252,263745,1366,4031,1740,1598,51,350,1537,90,627,89,5266,66428,119663,162390,65772,14154,40409,6072,263743,1739,245,244,1857,2224],"class_list":["post-473350","post","type-post","status-publish","format-standard","has-post-thumbnail","category-calcio","tag-allenatore","tag-arbitri","tag-calcio","tag-chivu","tag-comportati","tag-coraggio","tag-coraggio-puntare","tag-correttezza","tag-fatti","tag-football","tag-giovani","tag-inchiesta","tag-inter","tag-it","tag-italia","tag-italiani","tag-italy","tag-marotta","tag-microfoni","tag-microfoni-sky","tag-microfoni-sky-sport","tag-mix","tag-proprieta","tag-puntare","tag-scudetto","tag-scudetto-inter","tag-soccer","tag-sport","tag-sports","tag-squadra","tag-vittoria"],"share_on_mastodon":{"url":"https:\/\/pubeurope.com\/@it\/116514383968128843","error":""},"_links":{"self":[{"href":"https:\/\/www.europesays.com\/it\/wp-json\/wp\/v2\/posts\/473350","targetHints":{"allow":["GET"]}}],"collection":[{"href":"https:\/\/www.europesays.com\/it\/wp-json\/wp\/v2\/posts"}],"about":[{"href":"https:\/\/www.europesays.com\/it\/wp-json\/wp\/v2\/types\/post"}],"author":[{"embeddable":true,"href":"https:\/\/www.europesays.com\/it\/wp-json\/wp\/v2\/users\/3"}],"replies":[{"embeddable":true,"href":"https:\/\/www.europesays.com\/it\/wp-json\/wp\/v2\/comments?post=473350"}],"version-history":[{"count":0,"href":"https:\/\/www.europesays.com\/it\/wp-json\/wp\/v2\/posts\/473350\/revisions"}],"wp:featuredmedia":[{"embeddable":true,"href":"https:\/\/www.europesays.com\/it\/wp-json\/wp\/v2\/media\/473351"}],"wp:attachment":[{"href":"https:\/\/www.europesays.com\/it\/wp-json\/wp\/v2\/media?parent=473350"}],"wp:term":[{"taxonomy":"category","embeddable":true,"href":"https:\/\/www.europesays.com\/it\/wp-json\/wp\/v2\/categories?post=473350"},{"taxonomy":"post_tag","embeddable":true,"href":"https:\/\/www.europesays.com\/it\/wp-json\/wp\/v2\/tags?post=473350"}],"curies":[{"name":"wp","href":"https:\/\/api.w.org\/{rel}","templated":true}]}}