{"id":473406,"date":"2026-05-04T05:12:15","date_gmt":"2026-05-04T05:12:15","guid":{"rendered":"https:\/\/www.europesays.com\/it\/473406\/"},"modified":"2026-05-04T05:12:15","modified_gmt":"2026-05-04T05:12:15","slug":"calhanoglu-devo-dire-grazie-a-chivu-dopo-tutti-i-casini-dellestate","status":"publish","type":"post","link":"https:\/\/www.europesays.com\/it\/473406\/","title":{"rendered":"Calhanoglu: &#8220;Devo dire grazie a Chivu! Dopo tutti i casini dell&#8217;estate&#8230;&#8221;"},"content":{"rendered":"<p>Ai microfoni di Inter TV, il centrocampista Hakan Calhanoglu ha commentato cos\u00ec la vittoria del 21esimo scudetto nerazzurro<\/p>\n<p>Ai microfoni di Inter TV, il centrocampista Hakan <strong>Calhanoglu<\/strong> ha commentato cos\u00ec la vittoria del 21esimo scudetto nerazzurro:<\/p>\n<p>\u201cTraguardo molto importante per noi per tutti i casini successi fuori. Siamo diventati ancora pi\u00f9 gruppo, ancora pi\u00f9 famiglia, grazie anche a mister Chivu siamo stati tutti pi\u00f9 vicini. Scudetto meritatissimo, siamo contenti. <\/p>\n<p>Cori tifosi? Chivu primo uomo che mi ha preso subito, ho provato a dare tutto per lui e per la squadra. Avessi avuto meno infortuni\u2026 ma ho fatto il mio, non parlando troppo fuori, con i fatti in campo\u201d.<\/p>\n<p class=\"is-copyright\">\u00a9 RIPRODUZIONE RISERVATA<\/p>\n","protected":false},"excerpt":{"rendered":"Ai microfoni di Inter TV, il centrocampista Hakan Calhanoglu ha commentato cos\u00ec la vittoria del 21esimo scudetto nerazzurro&hellip;\n","protected":false},"author":3,"featured_media":473407,"comment_status":"","ping_status":"","sticky":false,"template":"","format":"standard","meta":{"footnotes":"","_share_on_mastodon":"0"},"categories":[1452],"tags":[721,563,263776,263777,41726,263778,2839,1740,1537,90,89,6072,1739,245,244],"class_list":["post-473406","post","type-post","status-publish","format-standard","has-post-thumbnail","category-calcio","tag-calcio","tag-calhanoglu","tag-calhanoglu-commentato","tag-calhanoglu-commentato-vittoria","tag-casini","tag-casini-successi","tag-chivu","tag-football","tag-it","tag-italia","tag-italy","tag-scudetto","tag-soccer","tag-sport","tag-sports"],"share_on_mastodon":{"url":"https:\/\/pubeurope.com\/@it\/116514596305214005","error":""},"_links":{"self":[{"href":"https:\/\/www.europesays.com\/it\/wp-json\/wp\/v2\/posts\/473406","targetHints":{"allow":["GET"]}}],"collection":[{"href":"https:\/\/www.europesays.com\/it\/wp-json\/wp\/v2\/posts"}],"about":[{"href":"https:\/\/www.europesays.com\/it\/wp-json\/wp\/v2\/types\/post"}],"author":[{"embeddable":true,"href":"https:\/\/www.europesays.com\/it\/wp-json\/wp\/v2\/users\/3"}],"replies":[{"embeddable":true,"href":"https:\/\/www.europesays.com\/it\/wp-json\/wp\/v2\/comments?post=473406"}],"version-history":[{"count":0,"href":"https:\/\/www.europesays.com\/it\/wp-json\/wp\/v2\/posts\/473406\/revisions"}],"wp:featuredmedia":[{"embeddable":true,"href":"https:\/\/www.europesays.com\/it\/wp-json\/wp\/v2\/media\/473407"}],"wp:attachment":[{"href":"https:\/\/www.europesays.com\/it\/wp-json\/wp\/v2\/media?parent=473406"}],"wp:term":[{"taxonomy":"category","embeddable":true,"href":"https:\/\/www.europesays.com\/it\/wp-json\/wp\/v2\/categories?post=473406"},{"taxonomy":"post_tag","embeddable":true,"href":"https:\/\/www.europesays.com\/it\/wp-json\/wp\/v2\/tags?post=473406"}],"curies":[{"name":"wp","href":"https:\/\/api.w.org\/{rel}","templated":true}]}}