{"id":473539,"date":"2026-05-04T07:28:14","date_gmt":"2026-05-04T07:28:14","guid":{"rendered":"https:\/\/www.europesays.com\/it\/473539\/"},"modified":"2026-05-04T07:28:14","modified_gmt":"2026-05-04T07:28:14","slug":"kimi-antonelli-un-piccolo-grande-uomo-che-sa-ancora-sbagliare-le-sue-imperfezioni-sono-cio-che-piu-rassicura","status":"publish","type":"post","link":"https:\/\/www.europesays.com\/it\/473539\/","title":{"rendered":"Kimi Antonelli, un piccolo grande uomo che sa ancora sbagliare. Le sue imperfezioni sono ci\u00f2 che pi\u00f9 rassicura"},"content":{"rendered":"<p>    di<br \/>\n    Giorgio Terruzzi<\/p>\n<p class=\"summary-art is-line-h-12\">L&#8217;azzurro della Mercedes \u00e8 sempre pi\u00f9 leader del mondiale, anche se non \u00e8 ancora perfetto. Ma il conforto lo offrono proprio i suoi difetti<\/p>\n<p class=\"chapter-paragraph\">Siamo cos\u00ec gasati da pensare che convenga scegliere la prudenza. Per scaramanzia, per non esagerare con un entusiasmo che attendevamo da una vita, per non caricare sulle spalle di questo ragazzino i nostri sogni. Basta il suo, di sogno, che della pressione a quanto pare, se ne frega. \u00c8 un indizio decisivo per valutare la tempra di <b>Antonelli <\/b>c<a href=\"https:\/\/www.corriere.it\/sport\/formula-1\/diretta-live\/26_maggio_03\/f1-gp-miami-gara-diretta.shtml\" title=\"F1 Gp Miami, la gara in diretta: Antonelli vince davanti a Norris e Piastri, Leclerc sesto e Hamilton settimo\" target=\"_blank\" rel=\"nofollow noopener\">he vince e poi vince e poi vince ancora, va su a quota 100, pur essendo, in pista, il pi\u00f9 lontano dalla pensione.<\/a> Concretezze: moltissime. Intanto, Kimi ha imparato anche a fare corsa di testa, <b>sopportando una pressione massima. <\/b>Eppure, ci\u00f2 che pi\u00f9 rassicura sono le sue imperfezioni. Non un fulmine, ancora, al via; un po\u2019 esagerato nei tagli di curva \u2014 con penalit\u00e0 pagata nella Sprint \u2014 non sempre glaciale nelle primissime fasi di gara. \u00c8 bello che sia cos\u00ec perch\u00e9 stiamo parlando di un pilota vincente che mostra ampi margini di progressione.\u00a0<\/p>\n<p class=\"chapter-paragraph\">Abbastanza da rassicurarci pensando a ci\u00f2 che sar\u00e0. Non solo: in questo lungo mese di pausa Antonelli \u00e8 stato fotografato, filmato, intervistato, trasportato, in ogni dove. \u00c8 comparso ovunque, persino negli spot, cosa che ha ricordato quanto accadde un anno fa quando i primi riflettori si posarono su di lui, generando qualche contraccolpo. Niente del genere, vista la grinta messa gi\u00f9 in Florida, il che conferma l\u2019impressione di cui sopra: <b>questo piccolo grande uomo magari sbaglia ma poi impara. <\/b>Lo fa in fretta, abbinando una capacit\u00e0 introspettiva che non mostra affatto nelle interviste, nelle occasioni pubbliche, quando appare come un ragazzino persino acerbo nei modi, nei gusti, in uno stile di vita che pure sta evolvendosi alla stessa media oraria del suo passo gara.\u00a0    &#13;<br \/>\n&#13;<br \/>\n&#13;<br \/>\n&#13;<br \/>\n&#13;<br \/>\n&#13;<br \/>\n&#13;<br \/>\n&#13;<br \/>\n&#13;<br \/>\n&#13;<br \/>\n&#13;<br \/>\n&#13;<br \/>\n&#13;<br \/>\n&#13;<br \/>\n&#13;<br \/>\n&#13;<br \/>\n&#13;<br \/>\n&#13;<br \/>\n&#13;<br \/>\n&#13;<br \/>\n&#13;<br \/>\n&#13;<br \/>\n&#13;<br \/>\n&#13;<br \/>\n&#13;<br \/>\n&#13;<br \/>\n&#13;<br \/>\n&#13;<br \/>\n&#13;<br \/>\n&#13;<br \/>\n&#13;<br \/>\n&#13;<br \/>\n&#13;<br \/>\n&#13;<br \/>\n&#13;<br \/>\n&#13;<br \/>\n&#13;<br \/>\n&#13;<br \/>\n&#13;<br \/>\n&#13;<br \/>\n&#13;<br \/>\n&#13;<br \/>\n&#13;<br \/>\n&#13;<br \/>\n&#13;<br \/>\n&#13;<br \/>\n&#13;<br \/>\n&#13;<br \/>\n&#13;<br \/>\n&#13;<br \/>\n&#13;<br \/>\n&#13;<br \/>\n&#13;\n<\/p>\n<p class=\"chapter-paragraph\">Ora, siccome stiamo parlando del leader del Mondiale, possiamo accogliere una piccola consolazione profumata di casa, di Emilia <a href=\"https:\/\/www.corriere.it\/sport\/26_maggio_02\/morte-zanardi-storia-incidente-gambe-amputate-handbike-da39d491-18d6-460a-8071-2b64c5a1fxlk.shtml\" title=\"La morte di Zanardi, e la sua storia. Il dolore, gli incidenti, le imprese, le battute: \u00abGli squali non mi considerano, pensano che io sia gi\u00e0 stato sbranato\u00bb\" target=\"_blank\" rel=\"nofollow noopener\">mentre facciamo i conti con il dolore per l\u2019addio ad Alex.<\/a> Il conforto lo offrono i difetti del nostro Kimi. Se spariscono \u2014 e spariranno \u2014 come accade per ogni giovane di talento, beh, ragazzi, abbiamo davanti un\u2019estate lunga sino a Natale.<\/p>\n<p class=\"is-last-update\" datetime=\"2026-05-04T07:20:25+02:00\">4 maggio 2026 ( modifica il 4 maggio 2026 | 07:20)<\/p>\n<p class=\"is-copyright\">\n            \u00a9 RIPRODUZIONE RISERVATA\n        <\/p>\n","protected":false},"excerpt":{"rendered":"di Giorgio Terruzzi L&#8217;azzurro della Mercedes \u00e8 sempre pi\u00f9 leader del mondiale, anche se non \u00e8 ancora perfetto.&hellip;\n","protected":false},"author":3,"featured_media":473540,"comment_status":"","ping_status":"","sticky":false,"template":"","format":"standard","meta":{"footnotes":"","_share_on_mastodon":"0"},"categories":[1451],"tags":[3993,1621,1620,483,263827,34602,263828,263829,23178,203,629,23179,204,1537,90,89,3994,381,31764,1353,632,42843,263830,3785,7386,10360,10014,193406,13062],"class_list":["post-473539","post","type-post","status-publish","format-standard","has-post-thumbnail","category-celebrita","tag-antonelli","tag-celebrita","tag-celebrities","tag-cio","tag-cio-rassicura","tag-conforto","tag-conforto-offrono","tag-conforto-offrono-difetti","tag-difetti","tag-entertainment","tag-gara","tag-imperfezioni","tag-intrattenimento","tag-it","tag-italia","tag-italy","tag-kimi","tag-leader","tag-leader-mondiale","tag-mondiale","tag-mostra","tag-offrono","tag-offrono-difetti","tag-parlando","tag-piccolo","tag-pressione","tag-ragazzino","tag-rassicura","tag-vince"],"share_on_mastodon":{"url":"https:\/\/pubeurope.com\/@it\/116515131635737912","error":""},"_links":{"self":[{"href":"https:\/\/www.europesays.com\/it\/wp-json\/wp\/v2\/posts\/473539","targetHints":{"allow":["GET"]}}],"collection":[{"href":"https:\/\/www.europesays.com\/it\/wp-json\/wp\/v2\/posts"}],"about":[{"href":"https:\/\/www.europesays.com\/it\/wp-json\/wp\/v2\/types\/post"}],"author":[{"embeddable":true,"href":"https:\/\/www.europesays.com\/it\/wp-json\/wp\/v2\/users\/3"}],"replies":[{"embeddable":true,"href":"https:\/\/www.europesays.com\/it\/wp-json\/wp\/v2\/comments?post=473539"}],"version-history":[{"count":0,"href":"https:\/\/www.europesays.com\/it\/wp-json\/wp\/v2\/posts\/473539\/revisions"}],"wp:featuredmedia":[{"embeddable":true,"href":"https:\/\/www.europesays.com\/it\/wp-json\/wp\/v2\/media\/473540"}],"wp:attachment":[{"href":"https:\/\/www.europesays.com\/it\/wp-json\/wp\/v2\/media?parent=473539"}],"wp:term":[{"taxonomy":"category","embeddable":true,"href":"https:\/\/www.europesays.com\/it\/wp-json\/wp\/v2\/categories?post=473539"},{"taxonomy":"post_tag","embeddable":true,"href":"https:\/\/www.europesays.com\/it\/wp-json\/wp\/v2\/tags?post=473539"}],"curies":[{"name":"wp","href":"https:\/\/api.w.org\/{rel}","templated":true}]}}