{"id":473561,"date":"2026-05-04T07:49:12","date_gmt":"2026-05-04T07:49:12","guid":{"rendered":"https:\/\/www.europesays.com\/it\/473561\/"},"modified":"2026-05-04T07:49:12","modified_gmt":"2026-05-04T07:49:12","slug":"toto-wolff-antonelli-non-e-come-sinner-e-sbagliato-fare-paragoni-ma-alla-fine-kimi-ha-stupito-anche-me","status":"publish","type":"post","link":"https:\/\/www.europesays.com\/it\/473561\/","title":{"rendered":"Toto Wolff: \u00abAntonelli non \u00e8 come Sinner, \u00e8 sbagliato fare paragoni. Ma alla fine Kimi ha stupito anche me\u00bb"},"content":{"rendered":"<p>    di<br \/>\n    Daniele Sparisci, inviato a Miami<\/p>\n<p class=\"summary-art is-line-h-12\">Il capo della Mercedes sulla terza vittoria di fila di Kimi Antonellli: \u00abCon l&#8217;Italia fuori dai Mondiali di calcio si parla soltanto di loro due\u00bb<\/p>\n<p class=\"chapter-paragraph\">Toto Wolff si gode il fenomeno Antonelli: dietro all\u2019esplosione di Kimi c\u2019\u00e8 prima di tutto una scommessa vinta dal grande capo della Mercedes. Ma nemmeno lui si aspettava che il 19enne bolognese fosse capace di bruciare le tappe: <a href=\"https:\/\/www.corriere.it\/sport\/formula-1\/diretta-live\/26_maggio_03\/f1-gp-miami-gara-diretta.shtml\" title=\"F1 Gp Miami, la gara in diretta: Antonelli vince davanti a Norris e Piastri, Leclerc penalizzato e retrocesso all&#039;ottavo posto. Hamilton \u00e8 sesto\" rel=\"nofollow noopener\" target=\"_blank\">impensabili tre vittorie di fila (\u00abNo, non potevamo immaginarlo\u00bb).<\/a><\/p>\n<p class=\"chapter-paragraph\">Il boss austriaco racconta i retroscena dietro al successo di Miami e prova a proteggere Antonelli dalle aspettative ormai altissime. Uno dei personaggi chiave attorno all\u2019azzurro \u00e8 l\u2019ingegnere di pista, Peter Bonnington: \u00abBono ha imparato dai migliori, \u00e8 stato tanto al fianco di Schumacher prima e poi di Hamilton. Ed \u00e8 un buon mentore per Kimi, \u00e8 forte. Durante la gara per un paio di volte Antonelli \u00e8 andato oltre i limiti della pista. Ho detto a Bono che sarei voluto intervenire io in radio e lui mi ha risposto cos\u00ec: \u201cLascialo a me\u201d. Questo dimostra come sappia gestirlo, \u00e8 parte del successo. \u00c8 stata la sua migliore gara, mi ha ricordato le sue prestazioni sui kart o in F4, non ha commesso errori nonostante avesse una grandissima pressione\u00bb.    &#13;<br \/>\n&#13;<br \/>\n&#13;<br \/>\n&#13;<br \/>\n&#13;<br \/>\n&#13;<br \/>\n&#13;<br \/>\n&#13;<br \/>\n&#13;<br \/>\n&#13;<br \/>\n&#13;<br \/>\n&#13;<br \/>\n&#13;<br \/>\n&#13;<br \/>\n&#13;<br \/>\n&#13;<br \/>\n&#13;<br \/>\n&#13;<br \/>\n&#13;<br \/>\n&#13;<br \/>\n&#13;<br \/>\n&#13;<br \/>\n&#13;<br \/>\n&#13;<br \/>\n&#13;<br \/>\n&#13;<br \/>\n&#13;<br \/>\n&#13;<br \/>\n&#13;<br \/>\n&#13;<br \/>\n&#13;<br \/>\n&#13;<br \/>\n&#13;<br \/>\n&#13;<br \/>\n&#13;<br \/>\n&#13;<br \/>\n&#13;<br \/>\n&#13;<br \/>\n&#13;<br \/>\n&#13;<br \/>\n&#13;<br \/>\n&#13;<br \/>\n&#13;<br \/>\n&#13;<br \/>\n&#13;<br \/>\n&#13;<br \/>\n&#13;<br \/>\n&#13;<br \/>\n&#13;<br \/>\n&#13;<br \/>\n&#13;<br \/>\n&#13;<br \/>\n&#13;\n<\/p>\n<p class=\"chapter-paragraph\"><b>Come contenere tanta euforia?<\/b> \u00abNoi teniamo i piedi per terra, in Italia, siccome non si sono qualificati ai Mondiali con la Nazionale di calcio, ormai \u00e8 tutto su Sinner-Antonelli. Sono loro le superstar. Aumentano le richieste degli sponsor, gli inviti, noi dobbiamo in qualche modo contenere e pensare a lavorare I suoi genitori hanno fatto un gran lavoro in questa direzione. La sua forza sta anche nel commettere un errore e dimenticarlo subito, non perde tempo a pensare troppo\u00bb.<\/p>\n<p class=\"chapter-paragraph\">Infine Wolff evidenzia i rischi del paragone fra Antonelli e Sinner: \u00ab In Italia \u00e8 un continuo. Ma lui ha vinto tre Gp, l\u2019altro \u00e8 numero uno del mondo e vince da anni, ha conquistato Slam e decine di tornei. \u00c8 una partita appena iniziata, dobbiamo ragionare nel lungo periodo: spero che Kimi possa vincere molto nei prossimi 10-15 anni. E non vorremmo far crollare il castello di aspettative aumentandole troppo. Perch\u00e9 il giorno che sbaglier\u00e0 una gara la gente comincer\u00e0 a domandarsi: dove \u00e8 finita la superstar? Ha 19 anni e io alla sua et\u00e0 non ero in grado di prendere un volo da solo, forse nemmeno di arrivare al terminal dell\u2019aeroporto. \u00c8 comunque incredibile ci\u00f2 che sta facendo\u00bb.<\/p>\n<p class=\"is-last-update\" datetime=\"2026-05-04T07:21:27+02:00\">4 maggio 2026 ( modifica il 4 maggio 2026 | 07:21)<\/p>\n<p class=\"is-copyright\">\n            \u00a9 RIPRODUZIONE RISERVATA\n        <\/p>\n","protected":false},"excerpt":{"rendered":"di Daniele Sparisci, inviato a Miami Il capo della Mercedes sulla terza vittoria di fila di Kimi Antonellli:&hellip;\n","protected":false},"author":3,"featured_media":473562,"comment_status":"","ping_status":"","sticky":false,"template":"","format":"standard","meta":{"footnotes":"","_share_on_mastodon":"0"},"categories":[1457],"tags":[3993,263845,9707,9515,721,777,263846,16328,2149,1820,629,1537,90,89,3994,1772,4422,49998,133,5385,696,366,245,244,1886,57769,1273,9819,5515,14732],"class_list":["post-473561","post","type-post","status-publish","format-standard","has-post-thumbnail","category-tennis","tag-antonelli","tag-antonelli-sinner","tag-aspettative","tag-bono","tag-calcio","tag-capo","tag-capo-mercedes","tag-contenere","tag-dobbiamo","tag-fila","tag-gara","tag-it","tag-italia","tag-italy","tag-kimi","tag-mercedes","tag-mondiali","tag-mondiali-calcio","tag-ormai","tag-pensare","tag-pista","tag-sinner","tag-sport","tag-sports","tag-successo","tag-superstar","tag-tennis","tag-toto","tag-toto-wolff","tag-wolff"],"share_on_mastodon":{"url":"https:\/\/pubeurope.com\/@it\/116515213507132797","error":""},"_links":{"self":[{"href":"https:\/\/www.europesays.com\/it\/wp-json\/wp\/v2\/posts\/473561","targetHints":{"allow":["GET"]}}],"collection":[{"href":"https:\/\/www.europesays.com\/it\/wp-json\/wp\/v2\/posts"}],"about":[{"href":"https:\/\/www.europesays.com\/it\/wp-json\/wp\/v2\/types\/post"}],"author":[{"embeddable":true,"href":"https:\/\/www.europesays.com\/it\/wp-json\/wp\/v2\/users\/3"}],"replies":[{"embeddable":true,"href":"https:\/\/www.europesays.com\/it\/wp-json\/wp\/v2\/comments?post=473561"}],"version-history":[{"count":0,"href":"https:\/\/www.europesays.com\/it\/wp-json\/wp\/v2\/posts\/473561\/revisions"}],"wp:featuredmedia":[{"embeddable":true,"href":"https:\/\/www.europesays.com\/it\/wp-json\/wp\/v2\/media\/473562"}],"wp:attachment":[{"href":"https:\/\/www.europesays.com\/it\/wp-json\/wp\/v2\/media?parent=473561"}],"wp:term":[{"taxonomy":"category","embeddable":true,"href":"https:\/\/www.europesays.com\/it\/wp-json\/wp\/v2\/categories?post=473561"},{"taxonomy":"post_tag","embeddable":true,"href":"https:\/\/www.europesays.com\/it\/wp-json\/wp\/v2\/tags?post=473561"}],"curies":[{"name":"wp","href":"https:\/\/api.w.org\/{rel}","templated":true}]}}