{"id":473671,"date":"2026-05-04T09:29:14","date_gmt":"2026-05-04T09:29:14","guid":{"rendered":"https:\/\/www.europesays.com\/it\/473671\/"},"modified":"2026-05-04T09:29:14","modified_gmt":"2026-05-04T09:29:14","slug":"m1-milano-la-conducente-del-metro-frena-di-colpo-per-salvare-la-vita-a-una-persona-sui-binari-a-cadorna-5-feriti-allinterno-del-vagone","status":"publish","type":"post","link":"https:\/\/www.europesays.com\/it\/473671\/","title":{"rendered":"M1 Milano, la conducente del metr\u00f2 frena di colpo per salvare la vita a una persona sui binari a Cadorna: 5 feriti all&#8217;interno del vagone"},"content":{"rendered":"<p>\u00c8 accaduto alle 8.40 sulla linea Rossa. Sul posto cinque ambulanze e un&#8217;automedica. La circolazione \u00e8 tornata regolare dopo 30 minuti<\/p>\n<p class=\"chapter-paragraph\">Cinque feriti e diversi contusi tra i passeggeri della metropolitana di Milano per una frenata improvvisa. \u00c8 successo alle 8.40 su un convoglio della M1 alla stazione Cadorna. A interrompere di colpo la corsa del treno \u00e8 stata la conducente: \u00ab<b>Frenata d&#8217;emergenza<\/b> &#8211; precisa Atm &#8211; <b>necessaria<\/b> <b>per evitare di investire un uomo <\/b>italiano di 49 anni che si era gettato sui binari all&#8217;arrivo del metr\u00f2, probabilmente per togliersi la vita, e che si \u00e8 salvato\u00bb.<\/p>\n<p class=\"chapter-paragraph\"><b>S<\/b>ul posto il personale del 118, giunto con cinque ambulanze e un&#8217;automedica, la polizia locale e la polmetro. \u00abLa frenata di emergenza \u00e8 avvenuta con i vagoni quasi tutti alla banchina, a velocit\u00e0 non pi\u00f9 elevata e questo ha contenuto il numero dei contusi, <b>due uomini e tre donne<\/b> &#8211; nessuno grave &#8211; oltre ad alcuni altri valutati ma che non necessitavano di cure\u00bb, spiegano da Atm. <b>La circolazione sulla line a Rossa, <\/b>sospesa tra le fermate Pagano e Cairoli,<b> \u00e8 tornata regolare<\/b> dopo circa trenta minuti.    &#13;<br \/>\n&#13;<br \/>\n&#13;<br \/>\n&#13;<br \/>\n&#13;<br \/>\n&#13;<br \/>\n&#13;<br \/>\n&#13;<br \/>\n&#13;<br \/>\n&#13;<br \/>\n&#13;<br \/>\n&#13;<br \/>\n&#13;<br \/>\n&#13;<br \/>\n&#13;<br \/>\n&#13;<br \/>\n&#13;<br \/>\n&#13;<br \/>\n&#13;<br \/>\n&#13;<br \/>\n&#13;<br \/>\n&#13;<br \/>\n&#13;<br \/>\n&#13;<br \/>\n&#13;<br \/>\n&#13;<br \/>\n&#13;<br \/>\n&#13;<br \/>\n&#13;<br \/>\n&#13;<br \/>\n&#13;<br \/>\n&#13;<br \/>\n&#13;<br \/>\n&#13;<br \/>\n&#13;<br \/>\n&#13;<br \/>\n&#13;<br \/>\n&#13;<br \/>\n&#13;<br \/>\n&#13;<br \/>\n&#13;<br \/>\n&#13;<br \/>\n&#13;<br \/>\n&#13;<br \/>\n&#13;<br \/>\n&#13;<br \/>\n&#13;<br \/>\n&#13;<br \/>\n&#13;<br \/>\n&#13;<br \/>\n&#13;<br \/>\n&#13;<br \/>\n&#13;\n<\/p>\n<p class=\"is-last-update\" datetime=\"2026-05-04T10:38:31+02:00\">4 maggio 2026 ( modifica il 4 maggio 2026 | 10:38)<\/p>\n<p class=\"is-copyright\">\n            \u00a9 RIPRODUZIONE RISERVATA\n        <\/p>\n","protected":false},"excerpt":{"rendered":"\u00c8 accaduto alle 8.40 sulla linea Rossa. Sul posto cinque ambulanze e un&#8217;automedica. La circolazione \u00e8 tornata regolare&hellip;\n","protected":false},"author":3,"featured_media":473672,"comment_status":"","ping_status":"","sticky":false,"template":"","format":"standard","meta":{"footnotes":"","_share_on_mastodon":"0"},"categories":[6],"tags":[6029,263912,19029,67879,8980,31083,631,263913,263914,8984,5371,14,3670,8,1537,90,89,7,15,82,9,83,10,13,11,80,84,12,81,85],"class_list":["post-473671","post","type-post","status-publish","format-standard","has-post-thumbnail","category-ultime-notizie","tag-ambulanze","tag-ambulanze-automedica","tag-atm","tag-automedica","tag-binari","tag-cadorna","tag-cinque","tag-cinque-ambulanze","tag-cinque-ambulanze-automedica","tag-circolazione","tag-colpo","tag-cronaca","tag-frenata","tag-headlines","tag-it","tag-italia","tag-italy","tag-news","tag-notizie","tag-notizie-di-cronaca","tag-notizie-principali","tag-notiziedicronaca","tag-notizieprincipali","tag-titoli","tag-ultime-notizie","tag-ultime-notizie-di-cronaca","tag-ultime-notizie-e-news-di-oggi","tag-ultimenotizie","tag-ultimenotiziedicronaca","tag-ultimenotizieenewsdioggi"],"share_on_mastodon":{"url":"","error":"Validation failed: Text character limit of 500 exceeded"},"_links":{"self":[{"href":"https:\/\/www.europesays.com\/it\/wp-json\/wp\/v2\/posts\/473671","targetHints":{"allow":["GET"]}}],"collection":[{"href":"https:\/\/www.europesays.com\/it\/wp-json\/wp\/v2\/posts"}],"about":[{"href":"https:\/\/www.europesays.com\/it\/wp-json\/wp\/v2\/types\/post"}],"author":[{"embeddable":true,"href":"https:\/\/www.europesays.com\/it\/wp-json\/wp\/v2\/users\/3"}],"replies":[{"embeddable":true,"href":"https:\/\/www.europesays.com\/it\/wp-json\/wp\/v2\/comments?post=473671"}],"version-history":[{"count":0,"href":"https:\/\/www.europesays.com\/it\/wp-json\/wp\/v2\/posts\/473671\/revisions"}],"wp:featuredmedia":[{"embeddable":true,"href":"https:\/\/www.europesays.com\/it\/wp-json\/wp\/v2\/media\/473672"}],"wp:attachment":[{"href":"https:\/\/www.europesays.com\/it\/wp-json\/wp\/v2\/media?parent=473671"}],"wp:term":[{"taxonomy":"category","embeddable":true,"href":"https:\/\/www.europesays.com\/it\/wp-json\/wp\/v2\/categories?post=473671"},{"taxonomy":"post_tag","embeddable":true,"href":"https:\/\/www.europesays.com\/it\/wp-json\/wp\/v2\/tags?post=473671"}],"curies":[{"name":"wp","href":"https:\/\/api.w.org\/{rel}","templated":true}]}}