{"id":473683,"date":"2026-05-04T09:43:14","date_gmt":"2026-05-04T09:43:14","guid":{"rendered":"https:\/\/www.europesays.com\/it\/473683\/"},"modified":"2026-05-04T09:43:14","modified_gmt":"2026-05-04T09:43:14","slug":"magdalena-wierer-sorella-di-dorothea-wierer-conquista-affari-tuoi","status":"publish","type":"post","link":"https:\/\/www.europesays.com\/it\/473683\/","title":{"rendered":"Magdalena Wierer, sorella di Dorothea Wierer, conquista Affari Tuoi"},"content":{"rendered":"<p>                                Il conduttore ha scherzato sulla somiglianza tra la 24enne e la popstar romana<\/p>\n<p>                    4 maggio 2026 (modifica alle 11:01)  &#8211; MILANO<\/p>\n<p class=\"paragraph\" spellcheck=\"true\">La puntata di <b>Affari Tuoi<\/b> andata in onda domenica sera su Rai 1, la prima nel formato pi\u00f9 lungo che ha dato l&#8217;avvio alla prima serata soltanto alle 21.45, ha visto <b>il debutto sul piccolo schermo di Magdalena Wierer<\/b>. La 24enne, come svelato in puntata, \u00e8 la sorella minore della <a href=\"https:\/\/www.gazzetta.it\/olimpiadi-invernali\/discipline\/biathlon\/08-02-2026\/olimpiadi-biathlon-chi-e-dorothea-wierer.shtml?intcmp=hyperlink-articolo-gazit\" target=\"_blank\" rel=\"nofollow noopener\">campionessa del biathlon<\/a> <b>Dorothea Wierer<\/b>, <a href=\"https:\/\/www.gazzetta.it\/olimpiadi-invernali\/21-02-2026\/dorothea-wierer-dice-addio-al-biathlon-cori-abbracci-e-lacrime-a-fine-gara-la-festa.shtml?intcmp=hyperlink-articolo-gazit\" target=\"_blank\" rel=\"nofollow noopener\">fresca di ritiro dalla carriera agnostica<\/a> dopo la medaglia d&#8217;argento nella staffetta mista conquistata ai <b>XXV Giochi olimpici invernali di Milano Cortina 2026<\/b>.<\/p>\n<p>        Magdalena Wierer, sorella di Dorothea, conquista Affari Tuoi\u2014 \u00a0<\/p>\n<p class=\"paragraph\" spellcheck=\"true\">Prima di svelare al pubblico l&#8217;identit\u00e0 della bellissima e talentosa <b>Magdalena<\/b>, un passato da biathleta e oggi studentessa e istruttrice di sci di fondo, <a href=\"https:\/\/www.gazzetta.it\/tv\/02-09-2025\/affari-tuoi-riparte-su-rai-1-da-martedi-2-settembre-le-novita.shtml?intcmp=hyperlink-articolo-gazit\" target=\"_blank\" rel=\"nofollow noopener\">il padrone di casa<\/a> <b>Stefano De Martino<\/b> ha scherzato con la somiglianza tra la 24enne e <a href=\"https:\/\/www.gazzetta.it\/gossip\/storie\/03-05-2026\/elodie-fa-36-anni-gli-auguri-di-compleanno-di-franceska-nuredini\/elodie-fa-36-anni.shtml?intcmp=hyperlink-articolo-gazit\" target=\"_blank\" rel=\"nofollow noopener\">la popstar Elodie<\/a>. &#8220;A vederla bene bene da vicino, anche se ha dei colori diversi, per me \u00e8 uguale a Elodie. \u00c8 la sorella bionda di Elodie&#8221;, ha giocato il conduttore, suscitando l&#8217;ilarit\u00e0 di Magdalena.<\/p>\n<p class=\"paragraph\" spellcheck=\"true\">&#8220;Mi chiamo Magdalena, ho 24 anni e vengo da Anterselva in provincia di Bolzano. Nella vita faccio la studentessa, studio scienze della formazione, e d&#8217;inverno sono maestra di sci di fondo e biathlon&#8221;, ha raccontato di s\u00e9 la giovane Magdalena prima di <b>svelare il legame di parentela con Dorothea<\/b>: &#8220;Lei ha partecipato a quattro Olimpiadi e adesso \u00e8 in pensione&#8221;.<\/p>\n<p class=\"paragraph\" spellcheck=\"true\">Magdalena Wierer ha partecipato ad <b>Affari Tuoi <\/b>insieme a un&#8217;altra sorella, <b>Caroline<\/b>, mentre a guardarle da casa, come svelato in puntata dalle due sorelle, c&#8217;era sicuramente pap\u00e0 Alfred, oltre a tanti amici e conoscenti altoatesini. La <b>partita per Magdalena e Caroline<\/b> \u00e8 iniziata nel migliore dei modi, al punto da ritrovarsi con un&#8217;offerta da 40mila euro.<\/p>\n<p class=\"paragraph\" spellcheck=\"true\">Tra colpi di scena e standing ovation in studio, le due sorelle hanno visto uscire ben presto dal tabellone i premi pi\u00f9 importanti, dai 300 mila euro fino ai 100 mila e i 50 mila. Pur stando sempre al gioco e mostrandosi <b>gentili nei botta e risposta con Stefano De Martino<\/b>, Herbert Ballerina e il resto del cast, <b>Magdalena e Caroline hanno concluso l&#8217;avventura con un pacco da 20 mila euro<\/b>.<\/p>\n<p class=\"is-above-copyright is-mr-r-10\" spellcheck=\"true\">La Gazzetta dello Sport<\/p>\n<p class=\"is-copyright\">\u00a9 RIPRODUZIONE RISERVATA<\/p>\n","protected":false},"excerpt":{"rendered":"Il conduttore ha scherzato sulla somiglianza tra la 24enne e la popstar romana 4 maggio 2026 (modifica alle&hellip;\n","protected":false},"author":3,"featured_media":473684,"comment_status":"","ping_status":"","sticky":false,"template":"","format":"standard","meta":{"footnotes":"","_share_on_mastodon":"0"},"categories":[1451],"tags":[178,19224,45897,1621,1620,15948,3221,263919,277,44622,263917,263920,263921,8049,203,724,45,204,1537,90,89,263916,263922,263918,263923,27896,2378,8202,10766,140644],"class_list":["post-473683","post","type-post","status-publish","format-standard","has-post-thumbnail","category-celebrita","tag-affari","tag-biathlon","tag-caroline","tag-celebrita","tag-celebrities","tag-conduttore","tag-conquista","tag-conquista-affari","tag-de","tag-de-martino","tag-dorothea","tag-dorothea-conquista","tag-dorothea-conquista-affari","tag-elodie","tag-entertainment","tag-euro","tag-fondo","tag-intrattenimento","tag-it","tag-italia","tag-italy","tag-magdalena","tag-magdalena-caroline","tag-magdalena-wierer","tag-magdalena-wierer-sorella","tag-martino","tag-partecipato","tag-puntata","tag-sorella","tag-wierer"],"share_on_mastodon":{"url":"https:\/\/pubeurope.com\/@it\/116515661922771879","error":""},"_links":{"self":[{"href":"https:\/\/www.europesays.com\/it\/wp-json\/wp\/v2\/posts\/473683","targetHints":{"allow":["GET"]}}],"collection":[{"href":"https:\/\/www.europesays.com\/it\/wp-json\/wp\/v2\/posts"}],"about":[{"href":"https:\/\/www.europesays.com\/it\/wp-json\/wp\/v2\/types\/post"}],"author":[{"embeddable":true,"href":"https:\/\/www.europesays.com\/it\/wp-json\/wp\/v2\/users\/3"}],"replies":[{"embeddable":true,"href":"https:\/\/www.europesays.com\/it\/wp-json\/wp\/v2\/comments?post=473683"}],"version-history":[{"count":0,"href":"https:\/\/www.europesays.com\/it\/wp-json\/wp\/v2\/posts\/473683\/revisions"}],"wp:featuredmedia":[{"embeddable":true,"href":"https:\/\/www.europesays.com\/it\/wp-json\/wp\/v2\/media\/473684"}],"wp:attachment":[{"href":"https:\/\/www.europesays.com\/it\/wp-json\/wp\/v2\/media?parent=473683"}],"wp:term":[{"taxonomy":"category","embeddable":true,"href":"https:\/\/www.europesays.com\/it\/wp-json\/wp\/v2\/categories?post=473683"},{"taxonomy":"post_tag","embeddable":true,"href":"https:\/\/www.europesays.com\/it\/wp-json\/wp\/v2\/tags?post=473683"}],"curies":[{"name":"wp","href":"https:\/\/api.w.org\/{rel}","templated":true}]}}