{"id":473796,"date":"2026-05-04T11:14:25","date_gmt":"2026-05-04T11:14:25","guid":{"rendered":"https:\/\/www.europesays.com\/it\/473796\/"},"modified":"2026-05-04T11:14:25","modified_gmt":"2026-05-04T11:14:25","slug":"un-gruppo-di-hacker-legati-a-pechino-ha-colpito-la-pubblica-amministrazione-italiana-lattacco-e-durato-due-settimane","status":"publish","type":"post","link":"https:\/\/www.europesays.com\/it\/473796\/","title":{"rendered":"Un gruppo di hacker legati a Pechino ha colpito la Pubblica amministrazione italiana: l&#8217;attacco \u00e8 durato due settimane"},"content":{"rendered":"<p class=\"summary-art is-normal-b-light\">Al centro del mirino c&#8217;\u00e8 Sistemi Informativi, societ\u00e0 di Ibm che fornisce servizi a Pa e grandi imprese. L&#8217;azienda e il governo hanno gi\u00e0 avviato un&#8217;indagine<\/p>\n<p class=\"chapter-paragraph\">Un attacco diretto alla pubblica amministrazione italiana firmato da un famigerato gruppo hacker. La vittima \u00e8 <b>Sistemi Informativi<\/b>, la societ\u00e0 di Ibm che si occupa della gestione di tutta l&#8217;infrastruttura tecnologica che fa funzionare la pubblica amministrazione, ma che \u00e8 alla base anche di diverse grandi aziende nostrane. E il colpevole, secondo le prime ricostruzioni, sembra essere <a href=\"https:\/\/www.corriere.it\/tecnologia\/24_novembre_22\/spiati-trump-e-vance-e-il-peggior-hackeraggio-nella-storia-americana-il-cyberattacco-cinese-ha-coinvolto-milioni-di-persone-4b49440a-2e39-4993-9f54-376b59e6exlk.shtml\" target=\"_blank\" rel=\"nofollow noopener\"><b>Salt Typhoon<\/b><\/a>, un gruppo di cybercriminali che \u2014 come riferiscono diversi analisti \u2014 potrebbe essere <b>collegato a Pechino<\/b>.<\/p>\n<p class=\"chapter-paragraph\">A darne la notizia \u00e8 <a href=\"https:\/\/www.repubblica.it\/tecnologia\/2026\/05\/03\/news\/esclusivo_pa_italiana_e_non_solo_attaccata_da_un_gruppo_di_hacker_cinesi-425320702\/\" rel=\"nofollow noreferrer noopener\" target=\"_blank\">Italian Tech<\/a>,\u00a0 a cui Ibm ha confermato di essere stata vittima del cyberattacco. L&#8217;azienda ha fatto sapere di avere risposto subito all&#8217;incidente informatico con i protocolli di sicurezza e coinvolgendo esperti di sicurezza informatica, e che adesso i servizi interessati dall&#8217;attacco \u2014 che, secondo alcune fonti, sarebbe durato due settimane \u2014 sono stati <b>ripristinati<\/b>. Anche il ministro per la Pubblica amministrazione <b>Paolo Zangrillo <\/b>ha confermato che si stanno portando avanti le procedure per la gestione dell&#8217;incidente. Il ministro ha poi aggiunto che\u00a0\u00abl\u2019agenzia per la cyber security, la cui delega risiede nella Presidenza del Consiglio, ha <b>avviato ogni azione necessaria<\/b> con tempestivit\u00e0, mettendosi al lavoro per definire l\u2019origine e l\u2019eventuale impatto dell\u2019attacco e comprendere quali elementi dei sistemi coinvolti possano essere stati eventualmente violati\u00bb, come riporta <a href=\"https:\/\/www.ilsole24ore.com\/art\/attacco-hacker-pa-zangrillo-avviate-procedure-tutelare-dati-AIrYPgqC\" rel=\"nofollow noreferrer noopener\" target=\"_blank\">IlSole24Ore<\/a>.    &#13;<br \/>\n&#13;<br \/>\n&#13;<br \/>\n&#13;<br \/>\n&#13;<br \/>\n&#13;<br \/>\n&#13;<br \/>\n&#13;<br \/>\n&#13;<br \/>\n&#13;<br \/>\n&#13;<br \/>\n&#13;<br \/>\n&#13;<br \/>\n&#13;<br \/>\n&#13;<br \/>\n&#13;<br \/>\n&#13;<br \/>\n&#13;<br \/>\n&#13;<br \/>\n&#13;<br \/>\n&#13;<br \/>\n&#13;<br \/>\n&#13;<br \/>\n&#13;<br \/>\n&#13;<br \/>\n&#13;<br \/>\n&#13;<br \/>\n&#13;<br \/>\n&#13;<br \/>\n&#13;<br \/>\n&#13;<br \/>\n&#13;<br \/>\n&#13;<br \/>\n&#13;<br \/>\n&#13;<br \/>\n&#13;<br \/>\n&#13;<br \/>\n&#13;<br \/>\n&#13;<br \/>\n&#13;<br \/>\n&#13;<br \/>\n&#13;<br \/>\n&#13;<br \/>\n&#13;<br \/>\n&#13;<br \/>\n&#13;<br \/>\n&#13;<br \/>\n&#13;<br \/>\n&#13;<br \/>\n&#13;<br \/>\n&#13;<br \/>\n&#13;<br \/>\n&#13;\n<\/p>\n<p class=\"chapter-paragraph\">Sistemi Informativi oggi ha con la Pa numerosi contratti che vanno dalla gestione del cloud a quella sicurezza informatica. Non si sa ancora quale <b>vulnerabilit\u00e0<\/b> abbia sfruttato il gruppo hacker per infiltrarsi nei sistemi dell&#8217;azienda collegata a Ibm e, soprattutto, quale fosse lo scopo dell&#8217;attacco. Considerata la durata dell&#8217;infiltrazione e il modus operandi di Salt Typhoon \u2014 che tendenzialmente non fa ransomware, cio\u00e8 non blocca i sistemi con l&#8217;obiettivo di ottenere un riscatto \u2014, con ogni probabilit\u00e0 l&#8217;obiettivo del gruppo era quello di <b>raccogliere dati<\/b> da Sistemi Informativi e dai servizi forniti alla Pa.<\/p>\n<p class=\"chapter-paragraph\">Poco pi\u00f9 di un anno fa, \u00e8 stato scoperto che il gruppo di cybercriminali si era infiltrato nei sistemi delle maggiori compagnie di telecomunicazioni americane e di essere riusciti anche a <a href=\"https:\/\/www.corriere.it\/tecnologia\/24_ottobre_26\/cosa-sappiamo-dell-hackeraggio-cinese-dei-telefoni-di-trump-jd-vance-e-dello-staff-di-harris-ea60fe4e-6dcf-4d2c-b052-8e5457f82xlk.shtml\" target=\"_blank\" rel=\"nofollow noopener\">spiare gli allora candidati alla presidenza<\/a> Donald Trump (e il suo attuale vice JD Vance) e Kamala Harris. Dalle indagini svolte alla fine del 2024 era emersa <b>un&#8217;enorme rete <\/b>che aveva coinvolto non solo figure politiche di spicco ma <a href=\"https:\/\/www.corriere.it\/tecnologia\/24_novembre_22\/spiati-trump-e-vance-e-il-peggior-hackeraggio-nella-storia-americana-il-cyberattacco-cinese-ha-coinvolto-milioni-di-persone-4b49440a-2e39-4993-9f54-376b59e6exlk.shtml\" target=\"_blank\" rel=\"nofollow noopener\">anche milioni di americani<\/a>.<\/p>\n<p>Per non perdere le ultime novit\u00e0 su tecnologia e innovazione<br \/>iscriviti alla <a href=\"https:\/\/www.corriere.it\/newsletter\/?id=53\" style=\"text-decoration: underline;\" rel=\"nofollow noopener\" target=\"_blank\">newsletter di Login<\/a><\/p>\n<p class=\"is-last-update\" datetime=\"2026-05-04T10:26:22+02:00\">4 maggio 2026<\/p>\n<p class=\"is-copyright\">\n            \u00a9 RIPRODUZIONE RISERVATA\n        <\/p>\n","protected":false},"excerpt":{"rendered":"Al centro del mirino c&#8217;\u00e8 Sistemi Informativi, societ\u00e0 di Ibm che fornisce servizi a Pa e grandi imprese.&hellip;\n","protected":false},"author":3,"featured_media":473797,"comment_status":"","ping_status":"","sticky":false,"template":"","format":"standard","meta":{"footnotes":"","_share_on_mastodon":"0"},"categories":[172],"tags":[178,31,263942,765,4431,4072,177,1079,4069,40371,263943,2615,1251,4070,77204,298,27165,96057,263944,1537,90,89,28880,4265,21930,1324,863,6341,263941],"class_list":["post-473796","post","type-post","status-publish","format-standard","has-post-thumbnail","category-affari","tag-affari","tag-amministrazione","tag-amministrazione-italiana","tag-attacco","tag-avviato","tag-azienda","tag-business","tag-confermato","tag-cybercriminali","tag-durato","tag-durato-settimane","tag-gestione","tag-grandi","tag-hacker","tag-ibm","tag-incidente","tag-informatica","tag-informativi","tag-informativi-societa","tag-it","tag-italia","tag-italy","tag-pa","tag-pubblica","tag-pubblica-amministrazione","tag-servizi","tag-sicurezza","tag-sistemi","tag-sistemi-informativi"],"share_on_mastodon":{"url":"https:\/\/pubeurope.com\/@it\/116516019721400365","error":""},"_links":{"self":[{"href":"https:\/\/www.europesays.com\/it\/wp-json\/wp\/v2\/posts\/473796","targetHints":{"allow":["GET"]}}],"collection":[{"href":"https:\/\/www.europesays.com\/it\/wp-json\/wp\/v2\/posts"}],"about":[{"href":"https:\/\/www.europesays.com\/it\/wp-json\/wp\/v2\/types\/post"}],"author":[{"embeddable":true,"href":"https:\/\/www.europesays.com\/it\/wp-json\/wp\/v2\/users\/3"}],"replies":[{"embeddable":true,"href":"https:\/\/www.europesays.com\/it\/wp-json\/wp\/v2\/comments?post=473796"}],"version-history":[{"count":0,"href":"https:\/\/www.europesays.com\/it\/wp-json\/wp\/v2\/posts\/473796\/revisions"}],"wp:featuredmedia":[{"embeddable":true,"href":"https:\/\/www.europesays.com\/it\/wp-json\/wp\/v2\/media\/473797"}],"wp:attachment":[{"href":"https:\/\/www.europesays.com\/it\/wp-json\/wp\/v2\/media?parent=473796"}],"wp:term":[{"taxonomy":"category","embeddable":true,"href":"https:\/\/www.europesays.com\/it\/wp-json\/wp\/v2\/categories?post=473796"},{"taxonomy":"post_tag","embeddable":true,"href":"https:\/\/www.europesays.com\/it\/wp-json\/wp\/v2\/tags?post=473796"}],"curies":[{"name":"wp","href":"https:\/\/api.w.org\/{rel}","templated":true}]}}