{"id":473873,"date":"2026-05-04T12:19:20","date_gmt":"2026-05-04T12:19:20","guid":{"rendered":"https:\/\/www.europesays.com\/it\/473873\/"},"modified":"2026-05-04T12:19:20","modified_gmt":"2026-05-04T12:19:20","slug":"internazionali-di-roma-sorteggio-tabellone-con-chi-gioca-sinner","status":"publish","type":"post","link":"https:\/\/www.europesays.com\/it\/473873\/","title":{"rendered":"Internazionali di Roma, sorteggio tabellone. Con chi gioca Sinner"},"content":{"rendered":"<p>                                La cerimonia a Piazza Navona. L&#8217;altoatesino se la vedr\u00e0 con\u00a0Michelsen e Ofner, poi possibile terzo turno con Berrettini o Mensik. Zverev, Musetti o Djokovic solo in finale<\/p>\n<p>            <a class=\"image is-50x50\" href=\"https:\/\/www.gazzetta.it\/collaboratori\/luigi-ansaloni\/\" rel=\"nofollow noopener\" target=\"_blank\"><br \/>\n                <img decoding=\"async\" class=\"is-rounded\" src=\"https:\/\/www.europesays.com\/it\/wp-content\/uploads\/2026\/03\/1774472354_735_omino.png\" alt=\"Luigi Ansaloni\"\/><br \/>\n            <\/a><\/p>\n<p>Collaboratore<\/p>\n<p>                    4 maggio 2026 (modifica alle 12:02)  &#8211; MILANO<\/p>\n<p class=\"paragraph\" spellcheck=\"true\">Jannik Sinner debutter\u00e0, quasi sicuramente sabato 9 maggio, agli Internazionali di Roma con uno tra Michelsen e Ofner, poi un possibile terzo turno, chiss\u00e0, contro Matteo Berrettini. Sorteggiato a Piazza Navona il tabellone del Masters 1000 del Foro Italico, uno degli appuntamenti pi\u00f9 attesi dell\u2019anno. Il numero uno del mondo arriva agli Internazionali da favoritissimo, dopo la vittoria di Madrid e cinque 1000 conquistati di fila, unico nella storia a riuscirci.<\/p>\n<p>    il tabellone di sinner\u2014 \u00a0<\/p>\n<p class=\"paragraph is-inline\" spellcheck=\"true\">Per il fuoriclasse azzurro ormai sembra quasi inutile parlare di difficolt\u00e0 o meno del tabellone, vista la superiorit\u00e0 sugli altri e l\u2019assenza di Carlos Alcaraz, ma al Foro qualche potenziale insidia nel suo cammino c\u2019\u00e8. Al terzo turno  per esempio, al posto del derby azzurro con Berrettini, potrebbe incontrare Mensik, uno dei due giocatori che \u00e8 riuscito a batterlo quest\u2019anno, a Doha, nell\u2019ultima sconfitta di Jannik prima di 23 vittorie consecutive. Agli ottavi di finale poi potrebbe esserci Fils, battuto nettamente a Madrid ma comunque giocatore molto in forma. Quarti, secondo sorteggio, con uno tra Rublev e Shelton, potenziali semifinali con Fonseca o Aliassime o Medvedev e poi finale con Zverev o Djokovic (testa di serie numero 3, capitato dall\u2019altra parte di tabellone) oppure uno scontro da sogno con Lorenzo Musetti, anche lui dalla parte opposta.<\/p>\n<p>        <img decoding=\"async\" loading=\"lazy\" alt=\"\" src=\"https:\/\/dimages2.gazzettaobjects.it\/files\/image_527_789_h\/uploads\/2026\/05\/04\/69f86d39b186e.jpeg\" data-full-src=\"https:\/\/www.europesays.com\/it\/wp-content\/uploads\/2026\/05\/69f86d39b186e.jpeg\"\/><\/p>\n<p>    gli altri italiani\u2014 \u00a0<\/p>\n<p class=\"paragraph is-inline\" spellcheck=\"true\">Per quanto riguarda gli azzurri teste di serie, il toscano, dopo un bye debutter\u00e0 al 2\u00b0 turno con Mpetshi Perricard o un qualificato, con un potenziale scontro ai quarti di finale con Novak Djokovic. Flavio Cobolli far\u00e0 il suo esordio nel torneo di casa contro Bergs o Atmane, mentre per Luciano Darderi scontro contro Hanfmann o Hurkacz. Per quanto riguarda gli altri, che giocheranno subito al primo turno, Sonego se la vedr\u00e0 con Buse, Bellucci con Burruchaga, Berrettini contro Popyrin, Nardi contro un qualificato, Arnaldi con Munar, il giovanissimo Federico Cin\u00e0 con il belga Blockx, fresco semifinalista a Madrid. Nel tabellone principale anche Maestrelli contro Bautista Agut e Cadenasso contro Tirante.\u00a0<\/p>\n<p><a class=\"is-partner-link\" href=\"https:\/\/abbonamenti.gazzetta.it\/calciatori-panini-2025\/?pwcmp_promo_panini_cta&amp;forceBrowser=true\" rel=\"nofollow noopener\" target=\"_blank\">Gazzetta digital + Box Panini + Album a soli 80\u20ac, il modo pi\u00f9 veloce e conveniente per completare la collezione!<\/a><\/p>\n<p>    azzurre\u2014 \u00a0<\/p>\n<p class=\"paragraph is-inline\" spellcheck=\"true\">La campionessa in carica del Foro Italico, Jasmine Paolini, debutter\u00e0 al secondo turno con Cristian o Haddad Maria. L\u2019azzurra \u00e8 nella parte del quarto di finale di Coco Gauff. Cocciaretto debutter\u00e0 contro una qualificata. Per quanto riguarda le altre wild Card, Stefanini avr\u00e0 la Ostapenko, Nuria Brancaccio una qualificata, Bronzetti trover\u00e0 Kessler mentre ci sar\u00e0 un derby azzurro tra Pigato e la giovanissima Tyra Grant, molto attesa al Foro Italico dopo il bel torneo di Madrid. Il ritorno di Trevisan sar\u00e0 contro Gibson, mentre per Ruggeri partita difficile contro Sommez.<\/p>\n<p class=\"is-copyright\">\u00a9 RIPRODUZIONE RISERVATA<\/p>\n","protected":false},"excerpt":{"rendered":"La cerimonia a Piazza Navona. L&#8217;altoatesino se la vedr\u00e0 con\u00a0Michelsen e Ofner, poi possibile terzo turno con Berrettini&hellip;\n","protected":false},"author":3,"featured_media":473874,"comment_status":"","ping_status":"","sticky":false,"template":"","format":"standard","meta":{"footnotes":"","_share_on_mastodon":"0"},"categories":[1457],"tags":[7920,3049,33304,263965,5187,61418,26568,1426,34437,76501,644,154299,1537,90,76503,89,1269,5382,75541,19632,263966,263967,3419,114684,1312,209726,263968,7301,14857,366,245,244,8934,1273,32852,4960,19627],"class_list":["post-473873","post","type-post","status-publish","format-standard","has-post-thumbnail","category-tennis","tag-azzurro","tag-berrettini","tag-debuttera","tag-debuttera-turno","tag-derby","tag-derby-azzurro","tag-djokovic","tag-finale","tag-foro","tag-foro-italico","tag-internazionali","tag-internazionali-roma","tag-it","tag-italia","tag-italico","tag-italy","tag-jannik","tag-madrid","tag-mensik","tag-michelsen","tag-michelsen-ofner","tag-michelsen-ofner-possibile","tag-musetti","tag-navona","tag-numero","tag-ofner","tag-ofner-possibile","tag-riguarda","tag-scontro","tag-sinner","tag-sport","tag-sports","tag-tabellone","tag-tennis","tag-terzo-turno","tag-terzo","tag-turno"],"share_on_mastodon":{"url":"https:\/\/pubeurope.com\/@it\/116516275901597384","error":""},"_links":{"self":[{"href":"https:\/\/www.europesays.com\/it\/wp-json\/wp\/v2\/posts\/473873","targetHints":{"allow":["GET"]}}],"collection":[{"href":"https:\/\/www.europesays.com\/it\/wp-json\/wp\/v2\/posts"}],"about":[{"href":"https:\/\/www.europesays.com\/it\/wp-json\/wp\/v2\/types\/post"}],"author":[{"embeddable":true,"href":"https:\/\/www.europesays.com\/it\/wp-json\/wp\/v2\/users\/3"}],"replies":[{"embeddable":true,"href":"https:\/\/www.europesays.com\/it\/wp-json\/wp\/v2\/comments?post=473873"}],"version-history":[{"count":0,"href":"https:\/\/www.europesays.com\/it\/wp-json\/wp\/v2\/posts\/473873\/revisions"}],"wp:featuredmedia":[{"embeddable":true,"href":"https:\/\/www.europesays.com\/it\/wp-json\/wp\/v2\/media\/473874"}],"wp:attachment":[{"href":"https:\/\/www.europesays.com\/it\/wp-json\/wp\/v2\/media?parent=473873"}],"wp:term":[{"taxonomy":"category","embeddable":true,"href":"https:\/\/www.europesays.com\/it\/wp-json\/wp\/v2\/categories?post=473873"},{"taxonomy":"post_tag","embeddable":true,"href":"https:\/\/www.europesays.com\/it\/wp-json\/wp\/v2\/tags?post=473873"}],"curies":[{"name":"wp","href":"https:\/\/api.w.org\/{rel}","templated":true}]}}