{"id":473951,"date":"2026-05-04T13:27:19","date_gmt":"2026-05-04T13:27:19","guid":{"rendered":"https:\/\/www.europesays.com\/it\/473951\/"},"modified":"2026-05-04T13:27:19","modified_gmt":"2026-05-04T13:27:19","slug":"inter-a-caccia-di-italiani-e-qualita-sul-mercato-il-punto-su-palestra-e-gli-altri-nomi","status":"publish","type":"post","link":"https:\/\/www.europesays.com\/it\/473951\/","title":{"rendered":"Inter a caccia di italiani e qualit\u00e0 sul mercato: il punto su Palestra e gli altri nomi"},"content":{"rendered":"<p>Marotta e Ausilio indicano la strada da seguire in vista della prossima campagna acquisti.<\/p>\n<p>The future is now. <b><strong>L&#8217;Inter campione d&#8217;Italia guarda avanti. Appena vinto lo Scudetto<\/strong><\/b> numero 21, i dirigenti nerazzurri dettano le linee guida da seguire <b><strong>sul prossimo mercato estivo. <\/strong><\/b><\/p>\n<p>In particolare <b><strong>le parole d&#8217;ordine sono due. Il direttore sportivo Piero Ausilio \u00e8 a caccia di &#8220;qualit\u00e0&#8221;, che secondo lui c&#8217;\u00e8 anche tra i &#8220;giovani italiani&#8221;. Tema indicato pure dal presidente Beppe Marotta<\/strong><\/b>, il quale aggiunge che per vincere serve un giusto &#8220;mix tra giovani e calciatori d&#8217;esperienza&#8221;. <\/p>\n","protected":false},"excerpt":{"rendered":"Marotta e Ausilio indicano la strada da seguire in vista della prossima campagna acquisti. The future is now.&hellip;\n","protected":false},"author":3,"featured_media":426358,"comment_status":"","ping_status":"","sticky":false,"template":"","format":"standard","meta":{"footnotes":"","_share_on_mastodon":"0"},"categories":[176],"tags":[353,350,1537,90,89,151785,245,244,355],"class_list":["post-473951","post","type-post","status-publish","format-standard","has-post-thumbnail","category-sport","tag-calciomercato","tag-inter","tag-it","tag-italia","tag-italy","tag-m-palestra","tag-sport","tag-sports","tag-transfers"],"share_on_mastodon":{"url":"https:\/\/pubeurope.com\/@it\/116516542890830515","error":""},"_links":{"self":[{"href":"https:\/\/www.europesays.com\/it\/wp-json\/wp\/v2\/posts\/473951","targetHints":{"allow":["GET"]}}],"collection":[{"href":"https:\/\/www.europesays.com\/it\/wp-json\/wp\/v2\/posts"}],"about":[{"href":"https:\/\/www.europesays.com\/it\/wp-json\/wp\/v2\/types\/post"}],"author":[{"embeddable":true,"href":"https:\/\/www.europesays.com\/it\/wp-json\/wp\/v2\/users\/3"}],"replies":[{"embeddable":true,"href":"https:\/\/www.europesays.com\/it\/wp-json\/wp\/v2\/comments?post=473951"}],"version-history":[{"count":0,"href":"https:\/\/www.europesays.com\/it\/wp-json\/wp\/v2\/posts\/473951\/revisions"}],"wp:featuredmedia":[{"embeddable":true,"href":"https:\/\/www.europesays.com\/it\/wp-json\/wp\/v2\/media\/426358"}],"wp:attachment":[{"href":"https:\/\/www.europesays.com\/it\/wp-json\/wp\/v2\/media?parent=473951"}],"wp:term":[{"taxonomy":"category","embeddable":true,"href":"https:\/\/www.europesays.com\/it\/wp-json\/wp\/v2\/categories?post=473951"},{"taxonomy":"post_tag","embeddable":true,"href":"https:\/\/www.europesays.com\/it\/wp-json\/wp\/v2\/tags?post=473951"}],"curies":[{"name":"wp","href":"https:\/\/api.w.org\/{rel}","templated":true}]}}