{"id":474165,"date":"2026-05-04T16:29:21","date_gmt":"2026-05-04T16:29:21","guid":{"rendered":"https:\/\/www.europesays.com\/it\/474165\/"},"modified":"2026-05-04T16:29:21","modified_gmt":"2026-05-04T16:29:21","slug":"lultimo-applauso-la-vanoli-saluta-cremona","status":"publish","type":"post","link":"https:\/\/www.europesays.com\/it\/474165\/","title":{"rendered":"L&#8217;ultimo applauso: la Vanoli saluta Cremona"},"content":{"rendered":"<p><strong>CREMONA &#8211; Vanoli-Venezia<\/strong> non \u00e8 stata solo una partita. <strong>\u00c8 stata una fine.<\/strong> L\u2019ultimo suono \u00e8 quello della <strong>retina accarezzata dalla tripla di Willis<\/strong>. Un rumore leggero, quasi dolce, che rimbalza nel silenzio che segue. Poi il pallone torna a terra, la sirena suona e tutto finisce davvero. Il tabellone dice <strong>111-88 per Venezia<\/strong>, ma nessuno, in quel momento, sta guardando i numeri. Sugli spalti ci sono occhi lucidi, mani che applaudono senza ritmo, bambini che battono le mani senza sapere che quella sar\u00e0 <strong>l\u2019ultima volta<\/strong>.<\/p>\n<p>In mezzo al campo la squadra si raccoglie, mentre la commozione attraversa tutti: dirigenti, staff, tifosi. Il volto del <strong>presidente Aldo Vanoli<\/strong> racconta pi\u00f9 di qualsiasi parola. Dentro quegli occhi c\u2019\u00e8 una <strong>storia lunga<\/strong>, fatta di <strong>sacrifici<\/strong>, di trasferte improbabili, di palestre di provincia e poi di <strong>palcoscenici<\/strong> sempre pi\u00f9 grandi. Una storia costruita da <strong>uomini<\/strong> prima ancora che da atleti.<\/p>\n<p>C\u2019\u00e8 chi \u00e8 cresciuto insieme a questi colori, chi \u00e8 passato da ragazzo a uomo seguendo una passione che era diventata <strong>abitudine, identit\u00e0, casa<\/strong>. I volontari, i tifosi, chi montava e smontava, chi cantava sugli spalti: un <strong>popolo silenzioso<\/strong> che ha dato <strong>anima e tempo<\/strong> senza chiedere nulla in cambio, se non la possibilit\u00e0 di esserci.<\/p>\n<p>Dal parquet di <strong>Soresina<\/strong> a quello del <strong>PalaRadi<\/strong>, la <strong>Vanoli \u00e8 stata un viaggio<\/strong>. Un percorso fatto di gioie improvvise e cadute, di stagioni memorabili e altre pi\u00f9 difficili, ma sempre con quella maglia biancobl\u00f9 a tenere insieme tutto. E proprio su quel parquet, ieri, \u00e8 andato in scena <strong>l\u2019ultimo atto<\/strong>.<\/p>\n<p>Perch\u00e9 <strong>il prossimo anno questa squadra non ci sar\u00e0 pi\u00f9<\/strong>. Non qui, non in questa citt\u00e0. Si sposter\u00e0 altrove, come solo uno sport assurdo come il basket, sempre pi\u00f9 legato a logiche economiche pu\u00f2 permettere. Le ragioni sono tante, le responsabilit\u00e0 diffuse, ma il risultato \u00e8 uno solo: <strong>una storia che finisce<\/strong>. Come tante altre avventure sportive cremonesi, anche questa si chiude.<\/p>\n<p>Eppure qualcosa resta. <strong>Restano i ricordi<\/strong>, le immagini, le emozioni che ieri hanno attraversato la mente di chiunque fosse presente. Restano le estati a <strong>Carisolo<\/strong>, i ritiri, le amicizie nate sugli spalti, le domeniche trasformate in rituale. <strong>La Vanoli era diventata una parte della vita quotidiana<\/strong>, una <strong>certezza<\/strong> in mezzo ai cambiamenti.<\/p>\n<p>Poi, lentamente, <strong>il palazzetto si svuota<\/strong>. Le luci restano accese ancora per un po\u2019, mentre gli addetti ai lavori iniziano a smontare. Il rumore dei passi sostituisce quello del tifo. Le scritte spariranno, verranno tolte, cancellate. Ma <strong>quello che \u00e8 stato non pu\u00f2 essere rimosso<\/strong>.<\/p>\n<p>La partita, in fondo, aveva raccontato poco rispetto al resto. <strong>Un primo tempo vivace<\/strong>, fatto di triple e ritmo alto, quasi a voler regalare l\u2019ultimo spettacolo. Poi, nel terzo quarto, <strong>Venezia ha cambiato passo<\/strong>: un <strong>parziale netto, 21-10<\/strong>, ha chiuso ogni discorso. Da l\u00ec in poi \u00e8 stato solo un <strong>lento scivolare verso la fine<\/strong>.<\/p>\n<p>Ma stavolta <strong>il risultato non contava<\/strong>. Non davvero. Contavano gli abbracci, le strette di mano, gli sguardi lunghi che cercano di trattenere qualcosa che sta andando via. Contava quel <strong>senso di appartenenza<\/strong> che, nonostante tutto, resiste.<\/p>\n<p>Poi <strong>il sipario cala<\/strong>. E <strong>resta solo il silenzio<\/strong>.<\/p>\n","protected":false},"excerpt":{"rendered":"CREMONA &#8211; Vanoli-Venezia non \u00e8 stata solo una partita. \u00c8 stata una fine. L\u2019ultimo suono \u00e8 quello della&hellip;\n","protected":false},"author":3,"featured_media":474166,"comment_status":"","ping_status":"","sticky":false,"template":"","format":"standard","meta":{"footnotes":"","_share_on_mastodon":"0"},"categories":[1453],"tags":[85443,1756,1757,264149,5665,1537,90,89,19006,76451,215324,245,244,10352,264150,222,5773],"class_list":["post-474165","post","type-post","status-publish","format-standard","has-post-thumbnail","category-basket","tag-aldo-vanoli","tag-basket","tag-basketball","tag-carisolo","tag-cremona","tag-it","tag-italia","tag-italy","tag-palaradi","tag-parquet","tag-soresina","tag-sport","tag-sports","tag-vanoli","tag-vanoli-venezia","tag-venezia","tag-willis"],"share_on_mastodon":{"url":"https:\/\/pubeurope.com\/@it\/116517258516968666","error":""},"_links":{"self":[{"href":"https:\/\/www.europesays.com\/it\/wp-json\/wp\/v2\/posts\/474165","targetHints":{"allow":["GET"]}}],"collection":[{"href":"https:\/\/www.europesays.com\/it\/wp-json\/wp\/v2\/posts"}],"about":[{"href":"https:\/\/www.europesays.com\/it\/wp-json\/wp\/v2\/types\/post"}],"author":[{"embeddable":true,"href":"https:\/\/www.europesays.com\/it\/wp-json\/wp\/v2\/users\/3"}],"replies":[{"embeddable":true,"href":"https:\/\/www.europesays.com\/it\/wp-json\/wp\/v2\/comments?post=474165"}],"version-history":[{"count":0,"href":"https:\/\/www.europesays.com\/it\/wp-json\/wp\/v2\/posts\/474165\/revisions"}],"wp:featuredmedia":[{"embeddable":true,"href":"https:\/\/www.europesays.com\/it\/wp-json\/wp\/v2\/media\/474166"}],"wp:attachment":[{"href":"https:\/\/www.europesays.com\/it\/wp-json\/wp\/v2\/media?parent=474165"}],"wp:term":[{"taxonomy":"category","embeddable":true,"href":"https:\/\/www.europesays.com\/it\/wp-json\/wp\/v2\/categories?post=474165"},{"taxonomy":"post_tag","embeddable":true,"href":"https:\/\/www.europesays.com\/it\/wp-json\/wp\/v2\/tags?post=474165"}],"curies":[{"name":"wp","href":"https:\/\/api.w.org\/{rel}","templated":true}]}}